{"id":22475,"date":"2014-09-04T22:11:08","date_gmt":"2014-09-05T03:11:08","guid":{"rendered":"http:\/\/contraluzcucuta.co\/?p=22475"},"modified":"2014-09-04T22:11:08","modified_gmt":"2014-09-05T03:11:08","slug":"jovenes-en-accion-universitarios-recibiran-200-000-para-gastos-personales","status":"publish","type":"post","link":"https:\/\/contraluzcucuta.co\/?p=22475","title":{"rendered":"J\u00d3VENES EN ACCI\u00d3N. Universitarios recibir\u00e1n $ 200.000 para gastos personales"},"content":{"rendered":"<p><strong>C\u00daCUTA.-<\/strong> Estudiantes de programas t\u00e9cnicos, tecnol\u00f3gicos y profesionales, en las modalidades presencial y distancia de la Universidad Francisco de Paula Santander, recibir\u00e1n un auxilio mensual de $ 200.000 para los gastos personales.<\/p>\n<p>\u201cLa idea es que cada estudiante tenga derecho a recibir un incentivo econ\u00f3mico\u201d, dijo Ali Pinz\u00f3n, delegado del Departamento de la Prosperidad Social (DPS) en Norte de Santander.<\/p>\n<p>El beneficiario debe cumplir con la condiciones que establece el programa, tener los documentos actualizados, estar en el rango de 16 a 24 a\u00f1os, ser bachiller, ir m\u00e1ximo en cuarto semestre, tener puntaje Sisben inferior a 54.86 y mantener promedio mayor a 3,5.<\/p>\n<p>Una vez se adelante la inscripci\u00f3n virtual o presencial, la entrega de documentos, verificaci\u00f3n de la informaci\u00f3n por parte del DPS y se d\u00e9 la aceptaci\u00f3n, el estudiante recibir\u00e1 las transferencias.<\/p>\n<p>Los universitarios pueden tener la oportunidad de pertenecer al grupo de \u00a0favorecidos y si cumplen con los requisitos deben registrarse. El programa busca ayudar al estudiante terminar la preparaci\u00f3n. El muchacho lo \u00fanico que debe hacer es estudiar, no m\u00e1s.<\/p>\n<p>En el auditorio Eustorgio Colmenares Baptista se cumpli\u00f3 la capacitaci\u00f3n y la ampliaci\u00f3n de informaci\u00f3n del programa \u2018J\u00f3venes en acci\u00f3n\u2019. La estrategia del Gobierno pretende apoyar a los j\u00f3venes pobres y vulnerables que finalizaron con \u00e9xito la educaci\u00f3n secundaria, para que contin\u00faen con el proceso de formaci\u00f3n profesional.<\/p>\n<p>Olga Marina Vega Angarita, Vicerrectora Asistente de Estudios, dijo que \u201cla Universidad Francisco de Paula Santander, en agosto, formaliz\u00f3 con el Departamento para la Prosperidad Social, el convenio interadministrativo.<\/p>\n<p>El prop\u00f3sito es mejorar las condiciones de vida de los estudiantes que se encuentran en situaci\u00f3n de pobreza y vulnerabilidad para acompa\u00f1arlos en el proceso de formaci\u00f3n.<\/p>\n<p>Es la primera vez que la UFPS firma un convenio con una entidad del Gobierno para apoyar econ\u00f3micamente al estudiante en el proceso formativo.<\/p>\n<p>\u201cSi usted est\u00e1 interesado y clasifica de acuerdo con las condiciones que pide el programa, lo invitamos a que actualice los datos, en especial el documento de identidad, en la oficina de Admisiones y Registro, primer piso Torre Administrativa, porque uno de los compromisos de la instituci\u00f3n es entregar cada mes un reporte a la entidad, una base de datos de los estudiantes favorecidos\u201d, dijo Vega Angarita.<\/p>\n<p>En alianza con la Vicerrector\u00eda de Bienestar Universitario se adelantar\u00e1n jornadas de inscripci\u00f3n. Ser\u00e1 un punto de atenci\u00f3n en la UFPS donde funcionarios del DPS brindar\u00e1n informaci\u00f3n y asesor\u00eda respecto al programa.<\/p>\n<p>&nbsp; <\/p>\n","protected":false},"excerpt":{"rendered":"<p>C\u00daCUTA.- Estudiantes de programas t\u00e9cnicos, tecnol\u00f3gicos y profesionales, en las modalidades presencial y distancia de la Universidad Francisco de Paula Santander, recibir\u00e1n un auxilio mensual de $ 200.000 para los gastos personales. \u201cLa idea es que cada estudiante tenga derecho a recibir un incentivo econ\u00f3mico\u201d, dijo Ali Pinz\u00f3n, delegado del Departamento de la Prosperidad Social &hellip;<\/p>\n","protected":false},"author":1,"featured_media":22476,"comment_status":"open","ping_status":"open","sticky":false,"template":"","format":"standard","meta":{"footnotes":""},"categories":[6],"tags":[1640,336],"class_list":["post-22475","post","type-post","status-publish","format-standard","has-post-thumbnail","hentry","category-ojo-avizor","tag-dps","tag-universidad-francisco-de-paula-santander"],"_links":{"self":[{"href":"https:\/\/contraluzcucuta.co\/index.php?rest_route=\/wp\/v2\/posts\/22475","targetHints":{"allow":["GET"]}}],"collection":[{"href":"https:\/\/contraluzcucuta.co\/index.php?rest_route=\/wp\/v2\/posts"}],"about":[{"href":"https:\/\/contraluzcucuta.co\/index.php?rest_route=\/wp\/v2\/types\/post"}],"author":[{"embeddable":true,"href":"https:\/\/contraluzcucuta.co\/index.php?rest_route=\/wp\/v2\/users\/1"}],"replies":[{"embeddable":true,"href":"https:\/\/contraluzcucuta.co\/index.php?rest_route=%2Fwp%2Fv2%2Fcomments&post=22475"}],"version-history":[{"count":1,"href":"https:\/\/contraluzcucuta.co\/index.php?rest_route=\/wp\/v2\/posts\/22475\/revisions"}],"predecessor-version":[{"id":22477,"href":"https:\/\/contraluzcucuta.co\/index.php?rest_route=\/wp\/v2\/posts\/22475\/revisions\/22477"}],"wp:featuredmedia":[{"embeddable":true,"href":"https:\/\/contraluzcucuta.co\/index.php?rest_route=\/wp\/v2\/media\/22476"}],"wp:attachment":[{"href":"https:\/\/contraluzcucuta.co\/index.php?rest_route=%2Fwp%2Fv2%2Fmedia&parent=22475"}],"wp:term":[{"taxonomy":"category","embeddable":true,"href":"https:\/\/contraluzcucuta.co\/index.php?rest_route=%2Fwp%2Fv2%2Fcategories&post=22475"},{"taxonomy":"post_tag","embeddable":true,"href":"https:\/\/contraluzcucuta.co\/index.php?rest_route=%2Fwp%2Fv2%2Ftags&post=22475"}],"curies":[{"name":"wp","href":"https:\/\/api.w.org\/{rel}","templated":true}]}}