{"id":22472,"date":"2014-09-04T21:48:32","date_gmt":"2014-09-05T02:48:32","guid":{"rendered":"http:\/\/contraluzcucuta.co\/?p=22472"},"modified":"2014-09-07T22:34:17","modified_gmt":"2014-09-08T03:34:17","slug":"encuentro-etnico-cucuta-avanza-en-atencion-a-indigenas","status":"publish","type":"post","link":"https:\/\/contraluzcucuta.co\/?p=22472","title":{"rendered":"ENCUENTRO \u00c9TNICO. C\u00facuta avanza en atenci\u00f3n a ind\u00edgenas"},"content":{"rendered":"<p><strong>C\u00daCUTA.-<\/strong> Los grupos \u00e9tnicos motil\u00f3n bar\u00ed, inga y afrodescendiente, entre otros, participaron en la jornada en la que la diversidad era la protagonista. La invitaci\u00f3n la formul\u00f3 la Unidad de Restituci\u00f3n de Tierras, Direcci\u00f3n Territorial Norte de Santander.<\/p>\n<p>Los representantes de las comunidades recibieron detallada descripci\u00f3n de los decretos reglamentarios 4633, 4634 y 4635, contenidos en la Ley 1448. Las \u00a0normas especifican los derechos que cobijan a los grupos \u00e9tnicos afectados por desplazamiento o abandono forzado de sus territorios.<\/p>\n<p>El da\u00f1o que el conflicto armado gener\u00f3 en comunidades enteras de grupos \u00e9tnicos ha llevado a que sean tenidas en cuenta como poblaci\u00f3n especial dentro del proceso de restituci\u00f3n de tierras que se adelanta en Norte de Santander.<\/p>\n<p>Los caminos que se busca seguir con estos grupos poblacionales son:<\/p>\n<p>1.- Dar a conocer la normatividad que rige el trabajo con etnias<\/p>\n<p>2.- Generar el acercamiento para construir una agenda conjunta de trabajo y brindar la asistencia que demandan estos grupos en la reclamaci\u00f3n de su tierra y la reivindicaci\u00f3n de los derechos de manera individual y colectiva.<\/p>\n<p>A la fecha han sido identificados por parte de la Unidad de Restituci\u00f3n de Tierras en Norte de Santander 246 predios que pertenecen a zonas de resguardo ind\u00edgena de la comunidad motil\u00f3n bar\u00ed.<\/p>\n<p>Se trabaja en conjunto con el Incoder para la formalizaci\u00f3n y la conformaci\u00f3n del resguardo Motil\u00f3n Bar\u00ed Catalaura.<\/p>\n<p>Jairo Sacheire, coordinador de asuntos ind\u00edgenas de la Gobernaci\u00f3n de Norte de Santander y representante del pueblo bar\u00ed, destac\u00f3 la importancia del encuentro. Invit\u00f3 a los grupos \u00e9tnicos afectados por el conflicto a vincularse al proceso de restituci\u00f3n de tierras con el fin de restablecer los derechos.<\/p>\n<p>El encuentro cont\u00f3 con la presencia de representantes de la Defensor\u00eda del Pueblo, la Secretar\u00eda de Desarrollo Social de la Gobernaci\u00f3n de Norte de Santander, Acnur y la Unidad para la Atenci\u00f3n y Reparaci\u00f3n Integral a las V\u00edctimas, entidades comprometidas con el avance de la pol\u00edtica de restituci\u00f3n de tierras. <\/p>\n","protected":false},"excerpt":{"rendered":"<p>C\u00daCUTA.- Los grupos \u00e9tnicos motil\u00f3n bar\u00ed, inga y afrodescendiente, entre otros, participaron en la jornada en la que la diversidad era la protagonista. La invitaci\u00f3n la formul\u00f3 la Unidad de Restituci\u00f3n de Tierras, Direcci\u00f3n Territorial Norte de Santander. Los representantes de las comunidades recibieron detallada descripci\u00f3n de los decretos reglamentarios 4633, 4634 y 4635, contenidos &hellip;<\/p>\n","protected":false},"author":1,"featured_media":22473,"comment_status":"open","ping_status":"open","sticky":false,"template":"","format":"standard","meta":{"footnotes":""},"categories":[5,36],"tags":[1639,577,1638],"class_list":["post-22472","post","type-post","status-publish","format-standard","has-post-thumbnail","hentry","category-justicia-transicional","category-la-voz-del-pueblo","tag-afrodescendientes","tag-comunidad-inga","tag-motilon-bari"],"_links":{"self":[{"href":"https:\/\/contraluzcucuta.co\/index.php?rest_route=\/wp\/v2\/posts\/22472","targetHints":{"allow":["GET"]}}],"collection":[{"href":"https:\/\/contraluzcucuta.co\/index.php?rest_route=\/wp\/v2\/posts"}],"about":[{"href":"https:\/\/contraluzcucuta.co\/index.php?rest_route=\/wp\/v2\/types\/post"}],"author":[{"embeddable":true,"href":"https:\/\/contraluzcucuta.co\/index.php?rest_route=\/wp\/v2\/users\/1"}],"replies":[{"embeddable":true,"href":"https:\/\/contraluzcucuta.co\/index.php?rest_route=%2Fwp%2Fv2%2Fcomments&post=22472"}],"version-history":[{"count":1,"href":"https:\/\/contraluzcucuta.co\/index.php?rest_route=\/wp\/v2\/posts\/22472\/revisions"}],"predecessor-version":[{"id":22474,"href":"https:\/\/contraluzcucuta.co\/index.php?rest_route=\/wp\/v2\/posts\/22472\/revisions\/22474"}],"wp:featuredmedia":[{"embeddable":true,"href":"https:\/\/contraluzcucuta.co\/index.php?rest_route=\/wp\/v2\/media\/22473"}],"wp:attachment":[{"href":"https:\/\/contraluzcucuta.co\/index.php?rest_route=%2Fwp%2Fv2%2Fmedia&parent=22472"}],"wp:term":[{"taxonomy":"category","embeddable":true,"href":"https:\/\/contraluzcucuta.co\/index.php?rest_route=%2Fwp%2Fv2%2Fcategories&post=22472"},{"taxonomy":"post_tag","embeddable":true,"href":"https:\/\/contraluzcucuta.co\/index.php?rest_route=%2Fwp%2Fv2%2Ftags&post=22472"}],"curies":[{"name":"wp","href":"https:\/\/api.w.org\/{rel}","templated":true}]}}