{"id":22466,"date":"2014-09-04T20:46:40","date_gmt":"2014-09-05T01:46:40","guid":{"rendered":"http:\/\/contraluzcucuta.co\/?p=22466"},"modified":"2014-09-07T22:35:19","modified_gmt":"2014-09-08T03:35:19","slug":"paramo-de-santurban-no-hay-licencia-para-la-explotacion-minera","status":"publish","type":"post","link":"https:\/\/contraluzcucuta.co\/?p=22466","title":{"rendered":"P\u00c1RAMO DE SANTURB\u00c1N. No hay licencia para la explotaci\u00f3n minera"},"content":{"rendered":"<p><strong>C\u00daCUTA.-<\/strong> En el P\u00e1ramo de Santurb\u00e1n no hay licencia para la explotaci\u00f3n minera. As\u00ed, de manera categ\u00f3rica, respondi\u00f3 Corponor a los se\u00f1alamientos del Instituto Geogr\u00e1fico Agust\u00edn Codazzi, acerca del impacto negativo en el \u00e1rea.<\/p>\n<p>La Corporaci\u00f3n Aut\u00f3noma no comparti\u00f3 los resultados del estudio de muestreo y levantamiento de suelos en Norte de Santander, adelantado por el Igag. El documento concluy\u00f3 que el 71 por ciento de lo encontrado tiene impacto negativo, producto de la ganader\u00eda, la agricultura y la miner\u00eda.<\/p>\n<p>\u201cDesde 1999, se adelantan acciones e inversiones que permiten la conservaci\u00f3n de los ecosistemas de p\u00e1ramo, con prioridad de los localizados en Santurb\u00e1n\u201d, respondi\u00f3 la autoridad ambiental regional.<\/p>\n<p>La visi\u00f3n de conservaci\u00f3n del territorio cobija a los ecosistemas y a los aleda\u00f1os bosques andinos. Por el buen estado de conservaci\u00f3n tienen una preservaci\u00f3n superior al 95 %, en especial en Mutiscua, Pamplona, Cucutilla, Arboledas, Salazar, C\u00e1chira y Villacaro.<\/p>\n<p>Y cubre el proceso Santurb\u00e1n &#8211; Sisavita, que se extiende en un continuo biol\u00f3gico superior a las 90.000 hect\u00e1reas, seg\u00fan datos del trabajo de campo en las \u00e1reas del p\u00e1ramo.<\/p>\n<p>La \u00fanica presencia de miner\u00eda ilegal reportada en el 2013, en Arboledas, fue controlada y cerrada mediante la acci\u00f3n conjunta de la Corporaci\u00f3n, el departamento, el municipio, los organismos de control, la fuerza p\u00fablica y la Fiscal\u00eda General de la Naci\u00f3n.<\/p>\n<p>La gesti\u00f3n de Corponor en Santurb\u00e1n ha permitido identificar la presencia de predios p\u00fablicos y gestionar la adquisici\u00f3n de \u00e1reas estrat\u00e9gicas. La preservaci\u00f3n de recursos h\u00eddricos y la eficacia como medida de protecci\u00f3n absoluta han mostrado excelentes resultados en la conservaci\u00f3n de servicios ecosist\u00e9micos y la aplicaci\u00f3n de figuras legales de protecci\u00f3n.<\/p>\n<p>En el Plan de Acci\u00f3n, Santurb\u00e1n es una prioridad en la que se ha logrado:<\/p>\n<p>1.- Declarar como protegidas 23.967 hect\u00e1reas de conservaci\u00f3n constituidas en el Distrito de Manejo Integrado del P\u00e1ramo de Berl\u00edn en 2007<\/p>\n<p>2.- La declaratoria del Parque Natural Regional Sisavita (12.131 hect\u00e1reas), en 2008<\/p>\n<p>3.- La reciente declaratoria del Parque Natural Regional Santurb\u00e1n &#8211; Salazar (19.088 hect\u00e1reas), a finales del 2013<\/p>\n<p>4.- Promover la creaci\u00f3n del Fondo Regional del Agua, para la compra de predios y el pago por servicios ambientales.<\/p>\n<p>El proceso se consolida como el resultado del largo ejercicio de planificaci\u00f3n, participaci\u00f3n y gesti\u00f3n como Sistema Nacional Ambiental, en el contexto regional, a favor de la conservaci\u00f3n, que tiene como prop\u00f3sito com\u00fan el Agua.<\/p>\n<p>El trabajo ha contado con la concertaci\u00f3n y participaci\u00f3n de la comunidad, proceso en el que el Igag ha participado. Se han conformado cuatro asociaciones de propietarios del \u00e1rea; se han cumplido tres cabildos abiertos; actos de socializaci\u00f3n y la firma del acuerdo regional.<\/p>\n<p>El establecimiento de la mesa permanente, dirigida a garantizar la conservaci\u00f3n del \u00e1rea de Santurb\u00e1n, ha permitido la declaratoria de \u00e1reas legalmente protegidas, la compra de predios, el pago por servicios ambientales y la formulaci\u00f3n de planes de manejo ambiental. Aspectos que requieren la sostenibilidad financiera, para lo cual se avanza en la creaci\u00f3n del Fondo Regional del Agua, en alianza p\u00fablico-privada.<\/p>\n<p>Para el 2015, en continuidad con la tarea, la autoridad ambiental tiene como meta declarar 30.000 hect\u00e1reas en dos nuevos Parques Naturales Regionales en Mutiscua\/Pamplona y Arboledas.<\/p>\n<p>La planificaci\u00f3n y gesti\u00f3n permanente, por m\u00e1s de 15 a\u00f1os en la zona de Santurb\u00e1n, los estudios elaborados y el arduo trabajo de campo liderado por Corponor sobre el p\u00e1ramo, evidencian en las 105.000 hect\u00e1reas que corresponden a Norte de Santander, la baja y dispersa intervenci\u00f3n con menos del 5 % del \u00e1rea total de extensi\u00f3n que cubre 4000 hect\u00e1reas donde se tienen, en muchos casos desde hace m\u00e1s de 30 a\u00f1os, actividades de uso predominante de ganader\u00eda, especialmente de bovinos y algunos proyectos de ovinos en Villacaro.<\/p>\n<p>Este proceso de planificaci\u00f3n y articulaci\u00f3n con los entes territoriales ha permitido que las \u00e1reas del p\u00e1ramo en el departamento, tengan definidos usos del suelo para la conservaci\u00f3n y como resultado de esta acci\u00f3n, Corponor, mediante el acuerdo 037 de 2009, defini\u00f3 la l\u00ednea de p\u00e1ramos sobre la cota de 2800 m.s.n.m. y formul\u00f3 el Plan de Manejo Ambiental.<\/p>\n<p>Foto:<a class=\"_ZR irc_hol\" style=\"color: #d6d6d6;\" href=\"https:\/\/www.google.com.co\/url?sa=i&amp;rct=j&amp;q=&amp;esrc=s&amp;source=images&amp;cd=&amp;cad=rja&amp;uact=8&amp;docid=Odik5xzZ9s52KM&amp;tbnid=UH9UjqP5DOKq6M:&amp;ved=0CAQQjB0&amp;url=http%3A%2F%2Flaponzona.com%2Feconomia%2Fsanturban--a-merced-de-la-gran-mineria-&amp;ei=WhUJVM-tBY7l8gHBnYDwDw&amp;bvm=bv.74649129,d.b2U&amp;psig=AFQjCNGle0f3HPtekBgWpKfIeT3l__ajcQ&amp;ust=1409967825192108\" data-ved=\"0CAQQjB0\" data-href=\"http:\/\/laponzona.com\/economia\/santurban--a-merced-de-la-gran-mineria-\"><span class=\"irc_ho\" dir=\"ltr\" style=\"color: #d6d6d6;\">aponzona.com<\/span><\/a><\/p>\n<p>&nbsp;<\/p>\n<p>&nbsp; <\/p>\n","protected":false},"excerpt":{"rendered":"<p>C\u00daCUTA.- En el P\u00e1ramo de Santurb\u00e1n no hay licencia para la explotaci\u00f3n minera. As\u00ed, de manera categ\u00f3rica, respondi\u00f3 Corponor a los se\u00f1alamientos del Instituto Geogr\u00e1fico Agust\u00edn Codazzi, acerca del impacto negativo en el \u00e1rea. La Corporaci\u00f3n Aut\u00f3noma no comparti\u00f3 los resultados del estudio de muestreo y levantamiento de suelos en Norte de Santander, adelantado por &hellip;<\/p>\n","protected":false},"author":1,"featured_media":22467,"comment_status":"open","ping_status":"open","sticky":false,"template":"","format":"standard","meta":{"footnotes":""},"categories":[347,32],"tags":[493,1636,200],"class_list":["post-22466","post","type-post","status-publish","format-standard","has-post-thumbnail","hentry","category-medio-ambiente","category-recorrido-por-la-region","tag-corponor","tag-explotacion-minera","tag-paramo-de-santurban"],"_links":{"self":[{"href":"https:\/\/contraluzcucuta.co\/index.php?rest_route=\/wp\/v2\/posts\/22466","targetHints":{"allow":["GET"]}}],"collection":[{"href":"https:\/\/contraluzcucuta.co\/index.php?rest_route=\/wp\/v2\/posts"}],"about":[{"href":"https:\/\/contraluzcucuta.co\/index.php?rest_route=\/wp\/v2\/types\/post"}],"author":[{"embeddable":true,"href":"https:\/\/contraluzcucuta.co\/index.php?rest_route=\/wp\/v2\/users\/1"}],"replies":[{"embeddable":true,"href":"https:\/\/contraluzcucuta.co\/index.php?rest_route=%2Fwp%2Fv2%2Fcomments&post=22466"}],"version-history":[{"count":1,"href":"https:\/\/contraluzcucuta.co\/index.php?rest_route=\/wp\/v2\/posts\/22466\/revisions"}],"predecessor-version":[{"id":22468,"href":"https:\/\/contraluzcucuta.co\/index.php?rest_route=\/wp\/v2\/posts\/22466\/revisions\/22468"}],"wp:featuredmedia":[{"embeddable":true,"href":"https:\/\/contraluzcucuta.co\/index.php?rest_route=\/wp\/v2\/media\/22467"}],"wp:attachment":[{"href":"https:\/\/contraluzcucuta.co\/index.php?rest_route=%2Fwp%2Fv2%2Fmedia&parent=22466"}],"wp:term":[{"taxonomy":"category","embeddable":true,"href":"https:\/\/contraluzcucuta.co\/index.php?rest_route=%2Fwp%2Fv2%2Fcategories&post=22466"},{"taxonomy":"post_tag","embeddable":true,"href":"https:\/\/contraluzcucuta.co\/index.php?rest_route=%2Fwp%2Fv2%2Ftags&post=22466"}],"curies":[{"name":"wp","href":"https:\/\/api.w.org\/{rel}","templated":true}]}}