{"id":22463,"date":"2014-09-04T19:49:44","date_gmt":"2014-09-05T00:49:44","guid":{"rendered":"http:\/\/contraluzcucuta.co\/?p=22463"},"modified":"2014-09-07T22:00:58","modified_gmt":"2014-09-08T03:00:58","slug":"monsenor-vidal-la-paz-se-le-tiene","status":"publish","type":"post","link":"https:\/\/contraluzcucuta.co\/?p=22463","title":{"rendered":"MONSE\u00d1OR VIDAL. \u201cLa paz \u00a1se le tiene!\u201d"},"content":{"rendered":"<p><strong>C\u00daCUTA.-<\/strong> Monse\u00f1or Julio C\u00e9sar Vidal se puso la camiseta azul y dijo sin rodeos, como si se tratara de otro cucute\u00f1o, \u201cla paz \u00a1se le tiene! As\u00ed dio comienzo a la Semana por la Paz en Norte de Santander. La actividad se cumple cada a\u00f1o, impulsada por la Iglesia.<\/p>\n<p>En 1987, la celebraci\u00f3n comenz\u00f3 en San Gil (Santander) y solo ten\u00eda car\u00e1cter local. Dos a\u00f1os despu\u00e9s, se llev\u00f3 a cabo la primera versi\u00f3n nacional y desde entonces no se ha detenido. El objetivo es mantener viva la conciencia de los colombianos sobre la paz.<\/p>\n<p>\u201cEl conflicto armado ha influido cada d\u00eda m\u00e1s en la vida de los colombianos\u201d, dijo el obispo de C\u00facuta en la presentaci\u00f3n oficial de la Semana, que este a\u00f1o tendr\u00e1 como lema \u2018Ganemos con la paz, reconcili\u00e9monos\u2019.<\/p>\n<p>Los actos comenzar\u00e1n, el 7 de septiembre, en El Malec\u00f3n y concluir\u00e1n, el 13, en el barrio La Primavera. A lo largo de los siete d\u00edas habr\u00e1 poes\u00eda, velada cultural, circuitos art\u00edsticos, marchas, lecturas, conversatorios, encuentros de expresiones juveniles, conciertos y eucarist\u00edas.<\/p>\n<p>La cancha de f\u00fatbol Maracan\u00e1, del barrio Bel\u00e9n, servir\u00e1 como lugar de vida y paz para los j\u00f3venes de las comunas 8 y 9 que comprender\u00e1n el valor de la reconciliaci\u00f3n como s\u00edmbolo de paz.<\/p>\n<p>Otro espacio innovador ser\u00e1 la C\u00e1tedra de la Paz, promovida por el profesor Alejandro Ram\u00edrez. El primer m\u00f3dulo versar\u00e1 sobre la felicidad. \u201cCuando un individuo es feliz puede mejorar el entorno laboral, social y familiar\u201d.<\/p>\n<p>En la Semana se entregar\u00e1n reconocimientos a instituciones que han trabajado por la paz en la ciudad. El instituto La Esperanza y el colectivo La Quinta con Quinta recibir\u00e1n la orden San Pedro Claver.<\/p>\n<p>Monse\u00f1or Vidal Ortiz se regocij\u00f3 con los di\u00e1logos que se adelantan en La habana (Cuba), entre voceros del Gobierno y l\u00edderes de las Farc. Dijo que esas conversaciones han permitido ver algunos signos de esperanza para mejorar la vida de seis millones de v\u00edctimas del conflicto.<\/p>\n<p>\u201cVamos a caminarle a la paz\u201d, anot\u00f3 el prelado. Record\u00f3 que los enfrentamientos pol\u00edticos e ideol\u00f3gicos han mantenido a los colombianos en una guerra permanente que, infortunadamente, \u201cha influido en las nuevas generaciones\u201d.<\/p>\n<p>La terminaci\u00f3n del conflicto armado es apenas un pelda\u00f1o en la consecuci\u00f3n de la paz, reflexion\u00f3. \u201cSon muchas las secuelas que hay\u201d. Cada v\u00edctima tiene alrededor hijos, padres, hermanos, sobrinos, que tambi\u00e9n participan de esa situaci\u00f3n que ha generado un ambiente negativo que se manifiesta en todos los aspectos.<\/p>\n<p>\u201cQuisi\u00e9ramos ver los l\u00edderes pol\u00edticos del pa\u00eds totalmente unidos y trabajando por la reconciliaci\u00f3n. Quisi\u00e9ramos ver la desaparici\u00f3n de las bacrim. Quisi\u00e9ramos ver que en las instancias representativas del pa\u00eds \u00a0la corrupci\u00f3n no tiene cabida. Quisi\u00e9ramos ver que los campesinos estuvieran mejor atendidos para que no tuvieran que migrar hacia las ciudades creando cinturones de miseria. Quisi\u00e9ramos ver que la gente de los barrios perif\u00e9ricos vivieran con dignidad\u201d, dijo monse\u00f1or Julio C\u00e9sar Vidal.<\/p>\n<p>&nbsp;<\/p>\n<p>&nbsp; <\/p>\n","protected":false},"excerpt":{"rendered":"<p>C\u00daCUTA.- Monse\u00f1or Julio C\u00e9sar Vidal se puso la camiseta azul y dijo sin rodeos, como si se tratara de otro cucute\u00f1o, \u201cla paz \u00a1se le tiene! As\u00ed dio comienzo a la Semana por la Paz en Norte de Santander. La actividad se cumple cada a\u00f1o, impulsada por la Iglesia. En 1987, la celebraci\u00f3n comenz\u00f3 en &hellip;<\/p>\n","protected":false},"author":1,"featured_media":22464,"comment_status":"open","ping_status":"open","sticky":false,"template":"","format":"standard","meta":{"footnotes":""},"categories":[541,45],"tags":[1635,191,119],"class_list":["post-22463","post","type-post","status-publish","format-standard","has-post-thumbnail","hentry","category-ciudad","category-destacado","tag-la-paz-se-le-tiene","tag-monsenor-julio-cesar-vidal","tag-semana-por-la-paz"],"_links":{"self":[{"href":"https:\/\/contraluzcucuta.co\/index.php?rest_route=\/wp\/v2\/posts\/22463","targetHints":{"allow":["GET"]}}],"collection":[{"href":"https:\/\/contraluzcucuta.co\/index.php?rest_route=\/wp\/v2\/posts"}],"about":[{"href":"https:\/\/contraluzcucuta.co\/index.php?rest_route=\/wp\/v2\/types\/post"}],"author":[{"embeddable":true,"href":"https:\/\/contraluzcucuta.co\/index.php?rest_route=\/wp\/v2\/users\/1"}],"replies":[{"embeddable":true,"href":"https:\/\/contraluzcucuta.co\/index.php?rest_route=%2Fwp%2Fv2%2Fcomments&post=22463"}],"version-history":[{"count":1,"href":"https:\/\/contraluzcucuta.co\/index.php?rest_route=\/wp\/v2\/posts\/22463\/revisions"}],"predecessor-version":[{"id":22465,"href":"https:\/\/contraluzcucuta.co\/index.php?rest_route=\/wp\/v2\/posts\/22463\/revisions\/22465"}],"wp:featuredmedia":[{"embeddable":true,"href":"https:\/\/contraluzcucuta.co\/index.php?rest_route=\/wp\/v2\/media\/22464"}],"wp:attachment":[{"href":"https:\/\/contraluzcucuta.co\/index.php?rest_route=%2Fwp%2Fv2%2Fmedia&parent=22463"}],"wp:term":[{"taxonomy":"category","embeddable":true,"href":"https:\/\/contraluzcucuta.co\/index.php?rest_route=%2Fwp%2Fv2%2Fcategories&post=22463"},{"taxonomy":"post_tag","embeddable":true,"href":"https:\/\/contraluzcucuta.co\/index.php?rest_route=%2Fwp%2Fv2%2Ftags&post=22463"}],"curies":[{"name":"wp","href":"https:\/\/api.w.org\/{rel}","templated":true}]}}