{"id":22436,"date":"2014-08-31T16:51:49","date_gmt":"2014-08-31T21:51:49","guid":{"rendered":"http:\/\/contraluzcucuta.co\/?p=22436"},"modified":"2014-08-31T16:51:49","modified_gmt":"2014-08-31T21:51:49","slug":"banco-de-arena-y-palmarito-en-el-olvido-extremo","status":"publish","type":"post","link":"https:\/\/contraluzcucuta.co\/?p=22436","title":{"rendered":"BANCO DE ARENA Y PALMARITO. En el olvido extremo"},"content":{"rendered":"<p><strong>C\u00daCUTA.-<\/strong> Los habitantes del corregimiento Banco de Arena viven una historia singular. \u00a0El corregimiento pertenece a C\u00facuta y solo lo distancian 45 minutos, de la capital de Norte de Santander. La cercan\u00eda con la ciudad debiera darles otras oportunidades de desarrollo, pero no es as\u00ed.<\/p>\n<p>Los campesinos han tomado la decisi\u00f3n de organizarse y buscar estabilidad, sin suplicar riquezas, lujos o dineros innecesarios. Para alcanzar este anhelo solo les piden a las entidades oficiales que cumplan con el deber de destinar los recursos necesarios para solucionar las necesidades b\u00e1sicas insatisfechas.<\/p>\n<p>En el corto listado de las urgencias aparecen:<\/p>\n<p>1.- Un colegio digno en infraestructura y ense\u00f1anza de calidad<\/p>\n<p>2.- Una zona recreativa con los par\u00e1metros de seguridad para que los ni\u00f1os no sufran accidentes<\/p>\n<p>3.- Recursos obligatorios para la supervivencia<\/p>\n<p>4.- Agua potable y alimentaci\u00f3n.<\/p>\n<p>Este corregimiento afronta los problemas estructurales propios del sector rural en Colombia y que han existido casi que de vida. Muchas soluciones y propuestas contin\u00faan en las oficinas de las entidades correspondientes, llenas de polvo y en el olvido.<\/p>\n<p>El abandono en el que se encuentra este pueblo hace que calles y viviendas denoten ruina y pobreza. El desgaste se refleja en el rostro de cada habitante. Esa lucha por lograr que sean escuchados y atendidos para solucionar los problemas es la mayor fortaleza que tienen.<\/p>\n<p>Entre las tantas carencias que afronta esta poblaci\u00f3n, el abastecimiento de agua fue el tema principal de la primera reuni\u00f3n que se lleva a cabo en muchos a\u00f1os. Los presidentes de las juntas comunales y l\u00edderes de cada sector del corregimiento analizaron que ocurre en la localidad. Se hizo el diagn\u00f3stico de la situaci\u00f3n que viven los habitantes, pero el protagonismo se lo llev\u00f3 la escasez de agua potable.<\/p>\n<p>Ricardo Castillo, presidente de la junta de acci\u00f3n comunal del corregimiento Palmarito, asegur\u00f3 que en esas tierras hace varios a\u00f1os abundaba el agua. Debido al uso inadecuado de la tierra, la ganader\u00eda extensiva, las explotaciones de petr\u00f3leo y carb\u00f3n, los cultivos il\u00edcitos y el cambio clim\u00e1tico han generado en los \u00faltimos 10 a\u00f1os la evaporaci\u00f3n del preciado l\u00edquido.<\/p>\n<p>La comunidad se ha visto obligada a trabajar de manera mancomunada con los vecinos de Palmarito para adelantar un solo proceso de reorganizaci\u00f3n comunitaria, vereda por vereda, junta por junta, para construir el plan de vida, que responda a los verdaderos intereses y necesidades de las comunidades.<\/p>\n<p>En general, las comunidades campesinas est\u00e1n compuestas por gente buena y trabajadora, con ansias de salir adelante para tener una vida digna. Luchan d\u00eda a d\u00eda por permanecer en su territorio, a pesar de los embates de la violencia pol\u00edtica, la ausencia del Estado y el temor generalizado.<\/p>\n<p>Pero pueden m\u00e1s el deseo por salir adelante y la necesidad de avanzar en la soluci\u00f3n de los graves problemas sin resolver los ha llevado a recuperar los lazos de uni\u00f3n, solidaridad y lucha demostrada por a\u00f1os atr\u00e1s.<\/p>\n<p><strong>FUNDACI\u00d3N PROGRESAR<\/strong><\/p>\n<p>&nbsp;<\/p>\n<p>&nbsp;<\/p>\n<p>&nbsp;<\/p>\n<p>&nbsp; <\/p>\n","protected":false},"excerpt":{"rendered":"<p>C\u00daCUTA.- Los habitantes del corregimiento Banco de Arena viven una historia singular. \u00a0El corregimiento pertenece a C\u00facuta y solo lo distancian 45 minutos, de la capital de Norte de Santander. La cercan\u00eda con la ciudad debiera darles otras oportunidades de desarrollo, pero no es as\u00ed. Los campesinos han tomado la decisi\u00f3n de organizarse y buscar &hellip;<\/p>\n","protected":false},"author":1,"featured_media":22437,"comment_status":"open","ping_status":"open","sticky":false,"template":"","format":"standard","meta":{"footnotes":""},"categories":[10,4],"tags":[1623,707],"class_list":["post-22436","post","type-post","status-publish","format-standard","has-post-thumbnail","hentry","category-cronicas","category-barra","tag-banco-de-arena","tag-fundacion-progresar"],"_links":{"self":[{"href":"https:\/\/contraluzcucuta.co\/index.php?rest_route=\/wp\/v2\/posts\/22436","targetHints":{"allow":["GET"]}}],"collection":[{"href":"https:\/\/contraluzcucuta.co\/index.php?rest_route=\/wp\/v2\/posts"}],"about":[{"href":"https:\/\/contraluzcucuta.co\/index.php?rest_route=\/wp\/v2\/types\/post"}],"author":[{"embeddable":true,"href":"https:\/\/contraluzcucuta.co\/index.php?rest_route=\/wp\/v2\/users\/1"}],"replies":[{"embeddable":true,"href":"https:\/\/contraluzcucuta.co\/index.php?rest_route=%2Fwp%2Fv2%2Fcomments&post=22436"}],"version-history":[{"count":1,"href":"https:\/\/contraluzcucuta.co\/index.php?rest_route=\/wp\/v2\/posts\/22436\/revisions"}],"predecessor-version":[{"id":22438,"href":"https:\/\/contraluzcucuta.co\/index.php?rest_route=\/wp\/v2\/posts\/22436\/revisions\/22438"}],"wp:featuredmedia":[{"embeddable":true,"href":"https:\/\/contraluzcucuta.co\/index.php?rest_route=\/wp\/v2\/media\/22437"}],"wp:attachment":[{"href":"https:\/\/contraluzcucuta.co\/index.php?rest_route=%2Fwp%2Fv2%2Fmedia&parent=22436"}],"wp:term":[{"taxonomy":"category","embeddable":true,"href":"https:\/\/contraluzcucuta.co\/index.php?rest_route=%2Fwp%2Fv2%2Fcategories&post=22436"},{"taxonomy":"post_tag","embeddable":true,"href":"https:\/\/contraluzcucuta.co\/index.php?rest_route=%2Fwp%2Fv2%2Ftags&post=22436"}],"curies":[{"name":"wp","href":"https:\/\/api.w.org\/{rel}","templated":true}]}}