{"id":22433,"date":"2014-08-31T16:06:24","date_gmt":"2014-08-31T21:06:24","guid":{"rendered":"http:\/\/contraluzcucuta.co\/?p=22433"},"modified":"2014-09-02T22:21:44","modified_gmt":"2014-09-03T03:21:44","slug":"rio-pamplonita-vive-la-vida-vivela-verde","status":"publish","type":"post","link":"https:\/\/contraluzcucuta.co\/?p=22433","title":{"rendered":"R\u00cdO PAMPLONITA. \u2018Vive la vida, v\u00edvela verde\u2019"},"content":{"rendered":"<p><strong>C\u00daCUTA.-<\/strong> Desechos de muebles, electrodom\u00e9sticos, vidrios, pl\u00e1sticos, cartones y llantas de veh\u00edculos recibe el r\u00edo Pamplonita como parte de la indolencia de los cucute\u00f1os. Doce toneladas de residuos s\u00f3lidos contaminantes le extrajeron en la jornada de limpieza que comenz\u00f3 en la glorieta del antiguo DAS y lleg\u00f3 hasta el puente Arnulfo Brice\u00f1o,<\/p>\n<p>La iniciativa se cumpli\u00f3 con el respaldo de m\u00e1s de un centenar de agentes de la Polic\u00eda Ambiental y Ecol\u00f3gica, funcionarios de empresas de aseo, miembros de la Organizaci\u00f3n Protectora de Animales Maltratados (OPAM), estudiantes de los colegios Luis Carlos Gal\u00e1n y Carlos P\u00e9rez Escalante, la Cruz Roja y representantes de la Defensa Civil.<\/p>\n<p>Los participantes se repartieron en cuatro grupos para desarrollar la tarea, que involucr\u00f3 a la empresa privada, fundaciones ambientalistas y la Polic\u00eda Metropolitana. El resultado de la jornada fue la recolecci\u00f3n de residuos s\u00f3lidos contaminantes en el r\u00edo Pamplonita, principal fuente h\u00eddrica de la regi\u00f3n fronteriza.<\/p>\n<p>El Instituto de Hidrolog\u00eda, Meteorolog\u00eda y Estudios Ambientales de Colombia (Ideam) dio a conocer la Resoluci\u00f3n 00214, del 24 de abril, para advertir acerca de la disminuci\u00f3n de caudales en las microcuencas del centro oriente del pa\u00eds.<\/p>\n<p>Al conocerse el texto del documento se dise\u00f1\u00f3 la campa\u00f1a \u2018Vive la vida, v\u00edvela verde\u2019. En uni\u00f3n con instituciones p\u00fablicas y privadas se busca la limpieza del r\u00edo que surte gran parte de la capital nortesantandereana.<\/p>\n<p>La alerta del Ideam se\u00f1ala el fen\u00f3meno de El Ni\u00f1o, que ocurre desde julio y se extender\u00e1 hasta marzo, afectar\u00e1 varias regiones del pa\u00eds. El \u00c1rea Metropolitana de C\u00facuta no est\u00e1 exenta y el Pamplonita ha presentado decremento en la capacidad fluvial.<\/p>\n<p>El Grupo de Protecci\u00f3n Ambiental y Ecol\u00f3gica de la Mecuc lidera la campa\u00f1a ambiental con la que se busca:<\/p>\n<p>1.- Activar mecanismos de uso responsable y sostenible<\/p>\n<p>2.- Mitigar los impactos que afectan el medio ambiente y los\u00a0 recursos naturales<\/p>\n<p>3.- Recoger vidrios, pl\u00e1stico, papel, bolsas, cart\u00f3n y caucho arrojados de manera irresponsable al caudal y a las riberas del Pamplonita.<\/p>\n<p>La Polic\u00eda Metropolitana de C\u00facuta invit\u00f3 a la comunidad a cuidar las fuentes h\u00eddricas de la regi\u00f3n, no arrojar basuras y desechos y no contaminar para no ser sancionados con comparendos ambientales.<\/p>\n<p>&nbsp; <\/p>\n","protected":false},"excerpt":{"rendered":"<p>C\u00daCUTA.- Desechos de muebles, electrodom\u00e9sticos, vidrios, pl\u00e1sticos, cartones y llantas de veh\u00edculos recibe el r\u00edo Pamplonita como parte de la indolencia de los cucute\u00f1os. Doce toneladas de residuos s\u00f3lidos contaminantes le extrajeron en la jornada de limpieza que comenz\u00f3 en la glorieta del antiguo DAS y lleg\u00f3 hasta el puente Arnulfo Brice\u00f1o, La iniciativa se &hellip;<\/p>\n","protected":false},"author":1,"featured_media":22434,"comment_status":"open","ping_status":"open","sticky":false,"template":"","format":"standard","meta":{"footnotes":""},"categories":[32],"tags":[323,293,40],"class_list":["post-22433","post","type-post","status-publish","format-standard","has-post-thumbnail","hentry","category-recorrido-por-la-region","tag-mecuc","tag-policia-metropolitana-de-cucuta","tag-rio-pamplonita"],"_links":{"self":[{"href":"https:\/\/contraluzcucuta.co\/index.php?rest_route=\/wp\/v2\/posts\/22433","targetHints":{"allow":["GET"]}}],"collection":[{"href":"https:\/\/contraluzcucuta.co\/index.php?rest_route=\/wp\/v2\/posts"}],"about":[{"href":"https:\/\/contraluzcucuta.co\/index.php?rest_route=\/wp\/v2\/types\/post"}],"author":[{"embeddable":true,"href":"https:\/\/contraluzcucuta.co\/index.php?rest_route=\/wp\/v2\/users\/1"}],"replies":[{"embeddable":true,"href":"https:\/\/contraluzcucuta.co\/index.php?rest_route=%2Fwp%2Fv2%2Fcomments&post=22433"}],"version-history":[{"count":1,"href":"https:\/\/contraluzcucuta.co\/index.php?rest_route=\/wp\/v2\/posts\/22433\/revisions"}],"predecessor-version":[{"id":22435,"href":"https:\/\/contraluzcucuta.co\/index.php?rest_route=\/wp\/v2\/posts\/22433\/revisions\/22435"}],"wp:featuredmedia":[{"embeddable":true,"href":"https:\/\/contraluzcucuta.co\/index.php?rest_route=\/wp\/v2\/media\/22434"}],"wp:attachment":[{"href":"https:\/\/contraluzcucuta.co\/index.php?rest_route=%2Fwp%2Fv2%2Fmedia&parent=22433"}],"wp:term":[{"taxonomy":"category","embeddable":true,"href":"https:\/\/contraluzcucuta.co\/index.php?rest_route=%2Fwp%2Fv2%2Fcategories&post=22433"},{"taxonomy":"post_tag","embeddable":true,"href":"https:\/\/contraluzcucuta.co\/index.php?rest_route=%2Fwp%2Fv2%2Ftags&post=22433"}],"curies":[{"name":"wp","href":"https:\/\/api.w.org\/{rel}","templated":true}]}}