{"id":22430,"date":"2014-08-31T12:09:36","date_gmt":"2014-08-31T17:09:36","guid":{"rendered":"http:\/\/contraluzcucuta.co\/?p=22430"},"modified":"2014-09-02T20:27:00","modified_gmt":"2014-09-03T01:27:00","slug":"sinodo-diocesano-empezamos-este-caminar-juntos","status":"publish","type":"post","link":"https:\/\/contraluzcucuta.co\/?p=22430","title":{"rendered":"S\u00cdNODO DIOCESANO. \u201cEmpezamos este caminar juntos\u201d"},"content":{"rendered":"<p><strong>C\u00daCUTA.-<\/strong> La <a href=\"http:\/\/www.diocesisdecucuta.com\">Di\u00f3cesis de C\u00facuta<\/a> dio apertura al S\u00ednodo Diocesano 2014-2016, el 30 de agosto, en la fiesta diocesana. Durante este tiempo de gracia los bautizados de esta porci\u00f3n del pueblo de Dios explorar\u00e1n el proceso trazado desde el inicio del Plan Pastoral Diocesano de Nueva Evangelizaci\u00f3n (PGDNE).<\/p>\n<p>De la mano de monse\u00f1or Julio C\u00e9sar Vidal, sacerdotes y agentes pastorales los fieles revisar\u00e1n el camino pastoral y evangelizador recorrido desde la creaci\u00f3n de la Di\u00f3cesis, en 1956.<\/p>\n<p>Hace 18 a\u00f1os, comenz\u00f3 el trabajo con el objetivo de proyectar y \u201cconstruir juntos la Iglesia que queremos. Al tiempo que damos gracias a Dios por su presencia en medio de este pueblo\u201d, dijo el Obispo de C\u00facuta.<\/p>\n<p>La alegr\u00eda y el dinamismo de la Iglesia Diocesana, camino a constituirse en comunidad de comunidades, evangelizada y evangelizadora, marcaron la jornada de apertura.<\/p>\n<p>Agentes pastorales, comunidades religiosas, di\u00e1conos, movimientos apost\u00f3licos, grupos parroquiales, seminaristas, clero diocesano y comunidad participaron en el encuentro.<\/p>\n<p>La actividad tuvo momentos especiales:<\/p>\n<p>1.- Representaci\u00f3n del proceso hist\u00f3rico de la Di\u00f3cesis, coordinada por la comunidad religiosa de la Nueva Vida<\/p>\n<p>2.- Recuerdo de los lemas que han acompa\u00f1ado las dos etapas del PGDNE y que han orientado el caminar de esta Di\u00f3cesis<\/p>\n<p>3.- La celebraci\u00f3n del S\u00ednodo Diocesano, en el 2016, finalizar\u00e1 la segunda etapa de profundizaci\u00f3n y crecimiento, centrada en la persona de Jesucristo.<\/p>\n<p>Para la vivencia del S\u00ednodo se han proyectado unas fases. En el primer semestre del a\u00f1o se desarrollaron las ejercitaciones comunitarias de espiritualidad y en este segundo semestre se cumplir\u00e1n, entre otros aspectos, las asambleas sinodales.<\/p>\n<p>La primera asamblea sinodal de consulta a los agentes pastorales parroquiales ser\u00e1 el 26 y 27 de septiembre. <\/p>\n","protected":false},"excerpt":{"rendered":"<p>C\u00daCUTA.- La Di\u00f3cesis de C\u00facuta dio apertura al S\u00ednodo Diocesano 2014-2016, el 30 de agosto, en la fiesta diocesana. Durante este tiempo de gracia los bautizados de esta porci\u00f3n del pueblo de Dios explorar\u00e1n el proceso trazado desde el inicio del Plan Pastoral Diocesano de Nueva Evangelizaci\u00f3n (PGDNE). De la mano de monse\u00f1or Julio C\u00e9sar &hellip;<\/p>\n","protected":false},"author":1,"featured_media":22431,"comment_status":"open","ping_status":"open","sticky":false,"template":"","format":"standard","meta":{"footnotes":""},"categories":[541,36],"tags":[191,173],"class_list":["post-22430","post","type-post","status-publish","format-standard","has-post-thumbnail","hentry","category-ciudad","category-la-voz-del-pueblo","tag-monsenor-julio-cesar-vidal","tag-obispo-de-cucuta"],"_links":{"self":[{"href":"https:\/\/contraluzcucuta.co\/index.php?rest_route=\/wp\/v2\/posts\/22430","targetHints":{"allow":["GET"]}}],"collection":[{"href":"https:\/\/contraluzcucuta.co\/index.php?rest_route=\/wp\/v2\/posts"}],"about":[{"href":"https:\/\/contraluzcucuta.co\/index.php?rest_route=\/wp\/v2\/types\/post"}],"author":[{"embeddable":true,"href":"https:\/\/contraluzcucuta.co\/index.php?rest_route=\/wp\/v2\/users\/1"}],"replies":[{"embeddable":true,"href":"https:\/\/contraluzcucuta.co\/index.php?rest_route=%2Fwp%2Fv2%2Fcomments&post=22430"}],"version-history":[{"count":1,"href":"https:\/\/contraluzcucuta.co\/index.php?rest_route=\/wp\/v2\/posts\/22430\/revisions"}],"predecessor-version":[{"id":22432,"href":"https:\/\/contraluzcucuta.co\/index.php?rest_route=\/wp\/v2\/posts\/22430\/revisions\/22432"}],"wp:featuredmedia":[{"embeddable":true,"href":"https:\/\/contraluzcucuta.co\/index.php?rest_route=\/wp\/v2\/media\/22431"}],"wp:attachment":[{"href":"https:\/\/contraluzcucuta.co\/index.php?rest_route=%2Fwp%2Fv2%2Fmedia&parent=22430"}],"wp:term":[{"taxonomy":"category","embeddable":true,"href":"https:\/\/contraluzcucuta.co\/index.php?rest_route=%2Fwp%2Fv2%2Fcategories&post=22430"},{"taxonomy":"post_tag","embeddable":true,"href":"https:\/\/contraluzcucuta.co\/index.php?rest_route=%2Fwp%2Fv2%2Ftags&post=22430"}],"curies":[{"name":"wp","href":"https:\/\/api.w.org\/{rel}","templated":true}]}}