{"id":22427,"date":"2014-08-31T11:30:19","date_gmt":"2014-08-31T16:30:19","guid":{"rendered":"http:\/\/contraluzcucuta.co\/?p=22427"},"modified":"2014-09-02T19:39:09","modified_gmt":"2014-09-03T00:39:09","slug":"charlas-con-hirohito-el-emperador-de-la-paz-y-armonia","status":"publish","type":"post","link":"https:\/\/contraluzcucuta.co\/?p=22427","title":{"rendered":"CHARLAS CON\u2026 Hirohito, el emperador de la \u2018paz y armon\u00eda\u2019"},"content":{"rendered":"<p>Hitler se suicid\u00f3 el 30 de abril de 1945. La Alemania de Hitler estaba fuera de combate, entonces \u00bfqui\u00e9n quedaba? Jap\u00f3n. Los estadounidenses llevaban varios a\u00f1os en la creaci\u00f3n de la bomba at\u00f3mica. Cuando consiguieron hacerla realidad los planes de usarla no cambiaron, tan solo vari\u00f3 el objetivo.<\/p>\n<p>En vez de Alemania, el destinatario fue Jap\u00f3n. El 6 de agosto de 1945, se lanz\u00f3 la primera de las dos bombas at\u00f3micas. El bombardero Enola Gay arroj\u00f3 sobre Hiroshima la mort\u00edfera carga, que mat\u00f3 de un plumazo a 70.000 personas e hiri\u00f3 de gravedad a otras 70.000. A pesar de este duro golpe, Jap\u00f3n no se rindi\u00f3, y el presidente Truman prosigui\u00f3 con su mortal ofensiva. El 9 de agosto, tuvo lugar el lanzamiento de la segunda bomba, esta vez, sobre Nagasaki. En este ataque fallecieron 80.000 personas.<\/p>\n<p>El 15 de agosto, antes de que la aviaci\u00f3n prosiguiera con los lanzamientos, el emperador japon\u00e9s Hirohito anunci\u00f3 p\u00fablicamente la rendici\u00f3n. La capitulaci\u00f3n oficial se firm\u00f3 el 2 de septiembre de 1945 en el interior de un acorazado estadounidense.<\/p>\n<p>Seis a\u00f1os y un d\u00eda despu\u00e9s, el conflicto mundial m\u00e1s da\u00f1ino hasta el momento puso punto y final.<\/p>\n<p><strong>\u00bfNombre p\u00f3stumo?<\/strong><\/p>\n<p>Showa Tenno, que significa \u00abPaz y armon\u00eda\u00bb.<\/p>\n<p><strong>\u00bfT\u00edtulo honor\u00edfico? <\/strong><\/p>\n<p>Emperador del Jap\u00f3n<\/p>\n<p><strong>\u00bfLugar de nacimiento?<\/strong><\/p>\n<p>Tokyo, <a href=\"http:\/\/es.wikipedia.org\/wiki\/29_de_abril\">29 de abril<\/a>\u00a0de\u00a0<a href=\"http:\/\/es.wikipedia.org\/wiki\/1901\">1901<\/a>.<\/p>\n<p><strong>\u00bfPadre?<\/strong><\/p>\n<p>Primog\u00e9nito del emperador Yoshihito, al cual suced\u00ed en 1926.<\/p>\n<p><strong>\u00bfFormaci\u00f3n acad\u00e9mica?<\/strong><\/p>\n<p>Recib\u00ed educaci\u00f3n nacionalista y tradicional bajo la tutela de los militares. Complet\u00e9 la formaci\u00f3n con un viaje sin precedentes a Europa occidental. Eso me caus\u00f3 gran impresi\u00f3n.<\/p>\n<p><strong>Su gesti\u00f3n comenz\u00f3 antes de ser coronado \u00bfpor qu\u00e9?<\/strong><\/p>\n<p>Al regresar de aquel viaje asum\u00ed la regencia en nombre de mi padre, aquejado de una enfermedad mental (1921).<\/p>\n<p><strong>\u00bfEn qu\u00e9 momento asumi\u00f3?<\/strong><\/p>\n<p>Muerto mi padre Yoshihito, fui coronado, en 1926.<\/p>\n<p><strong>\u00bfTuvo problemas para comenzar a gobernar?<\/strong><\/p>\n<p>S\u00ed, claro. Tuve que hacer frente al ascenso del poder de los militares, que desde 1927-31 impulsaron la penetraci\u00f3n japonesa en Manchuria.<\/p>\n<p><strong>Y por ah\u00ed se habla de conspiraciones\u2026<\/strong><\/p>\n<p>Claro, mientras, promov\u00edan en el interior conspiraciones tendientes a sustituir los gobiernos de partido por una dictadura militar bajo la cobertura del emperador.<\/p>\n<p><strong>\u00bfCu\u00e1l era su inclinaci\u00f3n?<\/strong><\/p>\n<p>A comportarme como un monarca constitucional al estilo europeo. Luch\u00e9 mientras pude contra esas tendencias<\/p>\n<p><strong>\u00bfC\u00f3mo hizo para meter en cintura a los rebeldes?<\/strong><\/p>\n<p>Castigu\u00e9 a los culpables, especialmente con ocasi\u00f3n de la insurrecci\u00f3n militar de 1936.<\/p>\n<p><strong>\u00bfLe miedo perder el trono?<\/strong><\/p>\n<p>S\u00ed, infortunadamente. Atenazado por ese temor acab\u00e9 por admitir la pol\u00edtica imperialista que impusieron los militares desde que estall\u00f3 la guerra con China (1937).<\/p>\n<p><strong>\u00bfHubo otros errores estrat\u00e9gicos?<\/strong><\/p>\n<p>D\u00edgame. Por ejemplo, el alineamiento con la Alemania nazi y el ataque a Estados Unidos, que hicieron entrar a Jap\u00f3n en la Segunda Guerra Mundial (1941).<\/p>\n<p><strong>\u00bfQu\u00e9 hac\u00eda mientras Estados Unidos atacaba a su pueblo?<\/strong><\/p>\n<p>Durante toda la contienda permanec\u00ed en el palacio, en Tokyo, sufriendo los bombardeos para compartir la suerte con los s\u00fabditos.<\/p>\n<p><strong>\u00bfC\u00f3mo fue la rendici\u00f3n japonesa?<\/strong><\/p>\n<p>Despu\u00e9s de que los americanos lanzaran las bombas at\u00f3micas sobre Hiroshima y Nagasaki, era inevitable la rendici\u00f3n en 1945 y la anunci\u00e9 por radio a los japoneses.<\/p>\n<p><strong>\u00bfLo salv\u00f3 MacArthur?<\/strong><\/p>\n<p>Por su puesto. Contra todo pron\u00f3stico, los aliados aceptaron el criterio de MacArthur de mantenerme como garant\u00eda de estabilidad y de reconstrucci\u00f3n del Jap\u00f3n vencido.<\/p>\n<p><strong>\u00bfQu\u00e9 pas\u00f3 de ah\u00ed en adelante?<\/strong><\/p>\n<p>Se abri\u00f3 as\u00ed una \u00e9poca de grandes reformas. Inici\u00f3 con la declaraci\u00f3n p\u00fablica de mi car\u00e1cter humano, que acababa con la ficci\u00f3n de la monarqu\u00eda sagrada tradicional (1946).<\/p>\n<p><strong>\u00bfA partir de entonces se qued\u00f3 sin poder pol\u00edtico?<\/strong><\/p>\n<p>Durante la ocupaci\u00f3n norteamericana, la democratizaci\u00f3n del Jap\u00f3n me oblig\u00f3 a hacer un gran esfuerzo personal. Asum\u00ed un papel meramente simb\u00f3lico, sin influencia pol\u00edtica efectiva, y sal\u00ed de la corte para conocer directamente la realidad del pa\u00eds.<\/p>\n<p><strong>\u00bfC\u00f3mo fue la adaptaci\u00f3n a la nueva situaci\u00f3n?<\/strong><\/p>\n<p>Dif\u00edcil. Presid\u00ed el proceso de occidentalizaci\u00f3n y de crecimiento econ\u00f3mico espectacular.<\/p>\n<p><strong>\u00bfY en los personal?<\/strong><\/p>\n<p>Me refugi\u00e9 en el estudio de la biolog\u00eda marina, y llegu\u00e9 a ser especialista.<\/p>\n<p>Por ah\u00ed le quedan algunos buenos recuerdos\u2026<\/p>\n<p>S\u00ed, vea usted. Fui el primer emperador japon\u00e9s que viaj\u00e9 al extranjero. Visit\u00e9 Europa y Estados Unidos, en los 70.<\/p>\n<p><strong>\u00bfQui\u00e9n lo sucedi\u00f3 en el trono?<\/strong><\/p>\n<p>Mor\u00ed el <a href=\"http:\/\/es.wikipedia.org\/wiki\/7_de_enero\">7 de enero<\/a>\u00a0de\u00a0<a href=\"http:\/\/es.wikipedia.org\/wiki\/1989\">1989<\/a>. Mi hijo Akihito.<\/p>\n<p><strong>RAFAEL ANTONIO PAB\u00d3N<\/strong><\/p>\n<p><strong>Texto adaptado de<\/strong>www.<strong>biografias<\/strong>y<strong>vida<\/strong>s.com\/<strong>biografia<\/strong>\/h\/<strong>hirohito<\/strong>.htm<\/p>\n<p>&nbsp; <\/p>\n","protected":false},"excerpt":{"rendered":"<p>Hitler se suicid\u00f3 el 30 de abril de 1945. La Alemania de Hitler estaba fuera de combate, entonces \u00bfqui\u00e9n quedaba? Jap\u00f3n. Los estadounidenses llevaban varios a\u00f1os en la creaci\u00f3n de la bomba at\u00f3mica. Cuando consiguieron hacerla realidad los planes de usarla no cambiaron, tan solo vari\u00f3 el objetivo. En vez de Alemania, el destinatario fue &hellip;<\/p>\n","protected":false},"author":1,"featured_media":22428,"comment_status":"open","ping_status":"open","sticky":false,"template":"","format":"standard","meta":{"footnotes":""},"categories":[51,45],"tags":[],"class_list":["post-22427","post","type-post","status-publish","format-standard","has-post-thumbnail","hentry","category-charlas-con","category-destacado"],"_links":{"self":[{"href":"https:\/\/contraluzcucuta.co\/index.php?rest_route=\/wp\/v2\/posts\/22427","targetHints":{"allow":["GET"]}}],"collection":[{"href":"https:\/\/contraluzcucuta.co\/index.php?rest_route=\/wp\/v2\/posts"}],"about":[{"href":"https:\/\/contraluzcucuta.co\/index.php?rest_route=\/wp\/v2\/types\/post"}],"author":[{"embeddable":true,"href":"https:\/\/contraluzcucuta.co\/index.php?rest_route=\/wp\/v2\/users\/1"}],"replies":[{"embeddable":true,"href":"https:\/\/contraluzcucuta.co\/index.php?rest_route=%2Fwp%2Fv2%2Fcomments&post=22427"}],"version-history":[{"count":1,"href":"https:\/\/contraluzcucuta.co\/index.php?rest_route=\/wp\/v2\/posts\/22427\/revisions"}],"predecessor-version":[{"id":22429,"href":"https:\/\/contraluzcucuta.co\/index.php?rest_route=\/wp\/v2\/posts\/22427\/revisions\/22429"}],"wp:featuredmedia":[{"embeddable":true,"href":"https:\/\/contraluzcucuta.co\/index.php?rest_route=\/wp\/v2\/media\/22428"}],"wp:attachment":[{"href":"https:\/\/contraluzcucuta.co\/index.php?rest_route=%2Fwp%2Fv2%2Fmedia&parent=22427"}],"wp:term":[{"taxonomy":"category","embeddable":true,"href":"https:\/\/contraluzcucuta.co\/index.php?rest_route=%2Fwp%2Fv2%2Fcategories&post=22427"},{"taxonomy":"post_tag","embeddable":true,"href":"https:\/\/contraluzcucuta.co\/index.php?rest_route=%2Fwp%2Fv2%2Ftags&post=22427"}],"curies":[{"name":"wp","href":"https:\/\/api.w.org\/{rel}","templated":true}]}}