{"id":22408,"date":"2014-08-28T17:49:47","date_gmt":"2014-08-28T22:49:47","guid":{"rendered":"http:\/\/contraluzcucuta.co\/?p=22408"},"modified":"2014-08-31T11:55:25","modified_gmt":"2014-08-31T16:55:25","slug":"anoranzas-cual-sera-el-final-de-la-abandonada-plaza-de-ferias","status":"publish","type":"post","link":"https:\/\/contraluzcucuta.co\/?p=22408","title":{"rendered":"A\u00d1ORANZAS. \u00a0\u00bfCu\u00e1l ser\u00e1 el final de la abandonada Plaza de Ferias?"},"content":{"rendered":"<p><strong>C\u00daCUTA.-<\/strong> El coliseo \u00a0\u00a0<a href=\"https:\/\/contraluzcucuta.co\/?s=Plaza+de+Ferias+Mariano+Ospina+P%C3%A9rez&amp;submit=Search\">Mariano Ospina P\u00e9rez<\/a>, situado en la avenida al aeropuerto Camilo Daza, en el barrio Sevilla, se constituy\u00f3 para cucute\u00f1os y nortesantandereanos en \u00a0el escenario tradicional, natural, popular y habitual donde a\u00f1o tras a\u00f1o se organizaban ferias, exposiciones y festejos agropecuarios, instituy\u00e9ndose en centro \u00a0de esparcimiento y en el foco articular del desarrollo\u00a0 agropecuario regional por excelencia. Adem\u00e1s de exponerse toda la gama de lo mejor de la ganader\u00eda nacional, se efectuaban transacciones comerciales de significativa importancia para la econom\u00eda.<\/p>\n<p>La Plaza de Ferias, como popularmente la llaman y\u00a0 conocen ganaderos, comerciantes de ganados y profesionales del agro, formaba todo un n\u00facleo dinamizador de pol\u00edticas p\u00fablicas y privadas, donde se concertaban planes, programas y proyectos conducentes al impulso, avance y crecimiento de un rengl\u00f3n tan arraigado y rentable como \u00a0es la explotaci\u00f3n agropecuaria, en todas sus manifestaciones, en el departamento.<\/p>\n<p>Tambi\u00e9n, era el epicentro de las festividades anuales, con las cuales se distingui\u00f3 por m\u00e1s de 50 a\u00f1os C\u00facuta, siendo motivo de alegr\u00eda y esparcimiento a propios y extra\u00f1os, que a\u00f1o a a\u00f1o disfrutaron de un multifac\u00e9tico espect\u00e1culo de singulares variedades.<\/p>\n<p>Debemos resaltar los prop\u00f3sitos \u00a0de aquellos dirigentes que visionariamente idearon la construcci\u00f3n de un espacio f\u00edsico, donde\u00a0 se pudieran concitar los ganaderos, mostrar sus ejemplares, comercializarlos, servir de centro de actividades y\u00a0 que contara con espacios para la recreaci\u00f3n del ciudadano del com\u00fan, amante de las labores del campo. Qu\u00e9 diferencia con los dirigentes contempor\u00e1neos, que todo lo quieren vender o privatizar al mejor postor, y privar a la comunidad de bienes p\u00fablicos y comunitarios, legados por l\u00edderes altruistas que infortunadamente no han encontrado sucesores.<\/p>\n<p>Para esto se promulg\u00f3 una Ordenanza en la Asamblea\u00a0 y se gestionaron recursos nacionales y departamentales, con los cuales se compr\u00f3 un \u00e1rea de tres hect\u00e1reas y se construy\u00f3 un hermoso y funcional recinto. La organizaci\u00f3n contaba con junta directiva, compuesta por ganaderos y representantes del Gobierno, gerente\u00a0 y\u00a0 planta de personal, ten\u00eda presupuesto propio y era auditada por la Contralor\u00eda Departamental. Este era el sitio de acopio \u00a0donde\u00a0 se comercializaban ganados en todo tiempo. De all\u00ed se surt\u00edan las reses para los mataderos locales, \u00a0por tal raz\u00f3n era centro de negocios y diariamente se hac\u00edan transacciones econ\u00f3micas importantes.<\/p>\n<p>La estructura f\u00edsica del coliseo estaba compuesta por una pista de exhibici\u00f3n (en los \u00faltimos a\u00f1os fue trasformada en plaza de toros), corrales circulares de hierro, caballerizas, porquerizas, galpones para especies menores, b\u00e1scula para ganados comerciales, auditorio, embarcaderos, oficinas y \u00e1reas libres para el p\u00fablico. Cont\u00f3 con restaurantes, reconocidos por la venta de sabrosa comida criolla.<\/p>\n<p>C\u00f3mo se a\u00f1oran y evocan esas temporadas feriales, en julio o agosto, de cada a\u00f1o, cuando al recinto sevillano llegaban los exponentes de la ganader\u00eda regional y nacional. Por ac\u00e1 pas\u00f3 lo sobresaliente de las razas bovinas, caprinas, porcinas, caninas y equinas. \u00a0Es decir, la feria\u00a0 reun\u00eda, en ese entonces, lo distinguido de la ganader\u00eda nacional e internacional. Criadores, expositores, jueces, investigadores, inversionistas, \u00a0\u00a0dirigentes p\u00fablicos y privados asist\u00edan a exponer lo mejor de sus productos y a comercializarlas, fomentando el mejoramiento de la productividad pecuaria.<\/p>\n<p>Uno de los espect\u00e1culos llamativos y vistosos que revest\u00eda todo un entretenimiento era la asistencia, hasta colmar\u00a0 de espectadores, a las competencias y exhibiciones de caballos. Pasaron los mejores y m\u00e1s costos equinos en trote, trocha, galope y paso fino colombiano, inconfundible y reconocido internacionalmente.<\/p>\n<p>El programa ferial era diverso hasta colmar una \u00a0variedad de festejos y atracciones, a los cuales se vinculaba la ciudadan\u00eda, indistintamente de lo estrictamente ganadero. Cabalgatas, corridas de toros, ri\u00f1as de gallos, coleo, bailes populares, reinados, concursos, atracciones carnestol\u00e9ndicas se convirtieron en algo tradicional y esperadas a\u00f1o tras a\u00f1o.<\/p>\n<p>Los\u00a0 cucute\u00f1os aguardaban con entusiasmo la tradicional feria ganadera\u00a0 juliana y se volcaban\u00a0 en torno a la diversidad de espect\u00e1culos programados, que verdaderamente eran populares y festivos. Esto mov\u00eda el engranaje econ\u00f3mico fronterizo, turismo, hoteler\u00eda, restaurantes, trasporte, comercio, publicidad, servicios varios, etc\u00e9tera.<\/p>\n<p>Hoy, es lamentable observar las instalaciones del coliseo Mariano Ospina P\u00e9rez, abandonado, sucio, con las instalaciones derruidas, el circo enmalezado, sin protecci\u00f3n, como si se tratara de un monumento a la desidia, a la dejadez, al desprecio por algo que signific\u00f3 tanto para un conglomerado de empresarios que\u00a0 han contribuido al desarrollo, como son los ganaderos y la cadena econ\u00f3mica que mueve ese segmento de la econom\u00eda en la regi\u00f3n.<\/p>\n<p>A estas horas no se sabe realmente cu\u00e1l\u00a0 ser\u00e1 el final de las abandonadas instalaciones, puesto que despu\u00e9s de determinar la liquidaci\u00f3n como bien departamental, hay en el ambiente muchos rumores sobre el destino.<\/p>\n<p>En hora buena un grupo de ganaderos, caballistas y empresarios se han organizado para rescatar lo perdido, para conservarle a la ciudad un activo que nunca ha debido clausurarse. \u00a1C\u00f3mo le hacen falta a C\u00facuta unas ferias y fiestas tradicionales, que nos identifique y nos caracterice, en el contexto nacional!<\/p>\n<p><strong>CIRO A.RAM\u00cdREZ<\/strong><\/p>\n<p><a href=\"mailto:cardagro60@hotmail.com\">cardagro60@hotmail.com<\/a> <\/p>\n","protected":false},"excerpt":{"rendered":"<p>C\u00daCUTA.- El coliseo \u00a0\u00a0Mariano Ospina P\u00e9rez, situado en la avenida al aeropuerto Camilo Daza, en el barrio Sevilla, se constituy\u00f3 para cucute\u00f1os y nortesantandereanos en \u00a0el escenario tradicional, natural, popular y habitual donde a\u00f1o tras a\u00f1o se organizaban ferias, exposiciones y festejos agropecuarios, instituy\u00e9ndose en centro \u00a0de esparcimiento y en el foco articular del desarrollo\u00a0 &hellip;<\/p>\n","protected":false},"author":1,"featured_media":22409,"comment_status":"open","ping_status":"open","sticky":false,"template":"","format":"standard","meta":{"footnotes":""},"categories":[10,45],"tags":[640],"class_list":["post-22408","post","type-post","status-publish","format-standard","has-post-thumbnail","hentry","category-cronicas","category-destacado","tag-plaza-de-ferias-de-cucuta"],"_links":{"self":[{"href":"https:\/\/contraluzcucuta.co\/index.php?rest_route=\/wp\/v2\/posts\/22408","targetHints":{"allow":["GET"]}}],"collection":[{"href":"https:\/\/contraluzcucuta.co\/index.php?rest_route=\/wp\/v2\/posts"}],"about":[{"href":"https:\/\/contraluzcucuta.co\/index.php?rest_route=\/wp\/v2\/types\/post"}],"author":[{"embeddable":true,"href":"https:\/\/contraluzcucuta.co\/index.php?rest_route=\/wp\/v2\/users\/1"}],"replies":[{"embeddable":true,"href":"https:\/\/contraluzcucuta.co\/index.php?rest_route=%2Fwp%2Fv2%2Fcomments&post=22408"}],"version-history":[{"count":1,"href":"https:\/\/contraluzcucuta.co\/index.php?rest_route=\/wp\/v2\/posts\/22408\/revisions"}],"predecessor-version":[{"id":22410,"href":"https:\/\/contraluzcucuta.co\/index.php?rest_route=\/wp\/v2\/posts\/22408\/revisions\/22410"}],"wp:featuredmedia":[{"embeddable":true,"href":"https:\/\/contraluzcucuta.co\/index.php?rest_route=\/wp\/v2\/media\/22409"}],"wp:attachment":[{"href":"https:\/\/contraluzcucuta.co\/index.php?rest_route=%2Fwp%2Fv2%2Fmedia&parent=22408"}],"wp:term":[{"taxonomy":"category","embeddable":true,"href":"https:\/\/contraluzcucuta.co\/index.php?rest_route=%2Fwp%2Fv2%2Fcategories&post=22408"},{"taxonomy":"post_tag","embeddable":true,"href":"https:\/\/contraluzcucuta.co\/index.php?rest_route=%2Fwp%2Fv2%2Ftags&post=22408"}],"curies":[{"name":"wp","href":"https:\/\/api.w.org\/{rel}","templated":true}]}}