{"id":22405,"date":"2014-08-26T23:00:00","date_gmt":"2014-08-27T04:00:00","guid":{"rendered":"http:\/\/contraluzcucuta.co\/?p=22405"},"modified":"2014-08-28T22:50:18","modified_gmt":"2014-08-29T03:50:18","slug":"tennis-park-plaza-en-defensa-del-pulmon-verde-de-cucuta","status":"publish","type":"post","link":"https:\/\/contraluzcucuta.co\/?p=22405","title":{"rendered":"TENNIS PARK PLAZA. En defensa del \u2018pulm\u00f3n verde de C\u00facuta\u2019"},"content":{"rendered":"<p><strong>C\u00daCUTA.-<\/strong> Nunca imagin\u00e9 que por defender el \u00fanico pulm\u00f3n verde urbano, patrimonio paisaj\u00edstico de C\u00facuta, que he disfrutado desde que nac\u00ed, vi\u00e9ndolo crecer, sembrar, construir durante a\u00f1os por muchos que no est\u00e1n con nosotros, tuviera problemas personales, de familia, con amigos y laborales. Fueron capaces de llamar a mis hermanos para que no me opusiera a la destrucci\u00f3n y que me abstuviera de defender, que cuidara mi trabajo, etc\u00e9tera, etc\u00e9tera.<\/p>\n<p>Si lo hago es por C\u00facuta, porque estoy jarta de la desidia, de mi gente, viendo pasar la pel\u00edcula y no hacer nada. La fundaci\u00f3n R\u00edo Urbano C\u00facuta cerr\u00f3 su cap\u00edtulo en la ciudad y acept\u00e9 la presidencia, dada las amenazas de tipo jur\u00eddico que se cern\u00edan y temor a demandas multimillonarias \u2018dizque\u2019 por el buen nombre de la constructora, cuando en cabeza de su presidente solicit\u00f3 la tala de 840 \u00e1rboles.<\/p>\n<p>Corponor, autoridad ambiental, se lav\u00f3 las manos en complicidad con muchos y no hizo lo que deber\u00eda hacer. Desconoci\u00f3 el estudio de humedales identificados y pagado con dinero de los contribuyentes. La subdirectora respondi\u00f3 que es un estudio de humedales con c\u00f3digo efectuado en el 2005. Ahora, admiten que son estanques desconociendo a Ramsar.<\/p>\n<p>Adem\u00e1s, nos invitan y hacemos parte de la delimitaci\u00f3n de la ronda h\u00eddrica y por las oposiciones que se hicieron no nos volvieron a convocar. Ante las acciones legales que hemos logrado interponer como la acci\u00f3n de cumplimiento en la que todos los organismos judiciales de C\u00facuta se han abstenido de omitir concepto y jueces se han declarado impedidos.<\/p>\n<p>La Curadur\u00eda Urbana 1 ha tenido la desfachatez de enmascarar legalmente todos los actos para dar la licencia de urbanismo y construcci\u00f3n. El Alcalde sale a la luz a defender un proyecto privado y afirm\u00f3 que tiene permiso para destruir 840 \u00e1rboles, algo inaudito e ins\u00f3lito que solo pasa en C\u00facuta.<\/p>\n<p>Hemos sido tildados de pobretones, resentidos, locos, ambientalistas, personalmente, en una reuni\u00f3n social a la que estaba invitada. O sea \u00bfla libertad de expresi\u00f3n no existe en Colombia? No podemos defender un pulm\u00f3n verde, porque se nos acaban los contratos, los trabajos, los empleos dignos y la actividad que hacemos como profesionales de manera trasparente, eficiente y con calidad.<\/p>\n<p>Trabajo con pasi\u00f3n y me encanta sacar adelante lo que me propongo sin esperar nada a cambio. Para m\u00ed el dinero es necesario, pero no es lo m\u00e1s importante en mi vida. Todas esas trivialidades son ef\u00edmeras. La raz\u00f3n de nuestra existencia es ser felices con lo que hacemos. Personalmente, apoyar la defensa del pulm\u00f3n verde me hace inmensamente feliz. Eso es lo \u00fanico que me y nos empuja. Lucharemos hasta el final, hasta sus \u00faltimas consecuencias. Si esos desalmados y depredadores del medio ambiente se salen con la suya, todos los que estamos en la defensa sabemos que hicimos lo correcto por la vida de las futuras generaciones de C\u00facuta. El valor fue el esfuerzo que hicimos, sacar tiempo de nuestras actividades, reunirnos, trabajar en equipo con diversidad de posiciones, actitudes y opiniones, pero con claridad en nuestro objetivo, defender el \u00fanico pulm\u00f3n verde urbano que queda dentro de la ciudad, costara lo que nos costara, por el gran amor a C\u00facuta, que nos lo ha dado todo.<\/p>\n<p>Mientras que en C\u00facuta la cultura del atajo y la informalidad primen, no cambiar\u00e1 la ciudad y estar\u00e1 destinada a atraer toda la mediocridad de Colombia. Al cucute\u00f1o se nos reconoce por el car\u00e1cter y la tenacidad, no por ser fantoches y borregos de nadie. Un gran abrazo para todos.<\/p>\n<p><strong>CARMENZA CONDE BUITRAGO<\/strong> <\/p>\n","protected":false},"excerpt":{"rendered":"<p>C\u00daCUTA.- Nunca imagin\u00e9 que por defender el \u00fanico pulm\u00f3n verde urbano, patrimonio paisaj\u00edstico de C\u00facuta, que he disfrutado desde que nac\u00ed, vi\u00e9ndolo crecer, sembrar, construir durante a\u00f1os por muchos que no est\u00e1n con nosotros, tuviera problemas personales, de familia, con amigos y laborales. Fueron capaces de llamar a mis hermanos para que no me opusiera &hellip;<\/p>\n","protected":false},"author":1,"featured_media":22406,"comment_status":"open","ping_status":"open","sticky":false,"template":"","format":"standard","meta":{"footnotes":""},"categories":[14,36],"tags":[1583,992],"class_list":["post-22405","post","type-post","status-publish","format-standard","has-post-thumbnail","hentry","category-articulistas","category-la-voz-del-pueblo","tag-pulmon-verde-de-cucuta","tag-tennis-park-plaza"],"_links":{"self":[{"href":"https:\/\/contraluzcucuta.co\/index.php?rest_route=\/wp\/v2\/posts\/22405","targetHints":{"allow":["GET"]}}],"collection":[{"href":"https:\/\/contraluzcucuta.co\/index.php?rest_route=\/wp\/v2\/posts"}],"about":[{"href":"https:\/\/contraluzcucuta.co\/index.php?rest_route=\/wp\/v2\/types\/post"}],"author":[{"embeddable":true,"href":"https:\/\/contraluzcucuta.co\/index.php?rest_route=\/wp\/v2\/users\/1"}],"replies":[{"embeddable":true,"href":"https:\/\/contraluzcucuta.co\/index.php?rest_route=%2Fwp%2Fv2%2Fcomments&post=22405"}],"version-history":[{"count":1,"href":"https:\/\/contraluzcucuta.co\/index.php?rest_route=\/wp\/v2\/posts\/22405\/revisions"}],"predecessor-version":[{"id":22407,"href":"https:\/\/contraluzcucuta.co\/index.php?rest_route=\/wp\/v2\/posts\/22405\/revisions\/22407"}],"wp:featuredmedia":[{"embeddable":true,"href":"https:\/\/contraluzcucuta.co\/index.php?rest_route=\/wp\/v2\/media\/22406"}],"wp:attachment":[{"href":"https:\/\/contraluzcucuta.co\/index.php?rest_route=%2Fwp%2Fv2%2Fmedia&parent=22405"}],"wp:term":[{"taxonomy":"category","embeddable":true,"href":"https:\/\/contraluzcucuta.co\/index.php?rest_route=%2Fwp%2Fv2%2Fcategories&post=22405"},{"taxonomy":"post_tag","embeddable":true,"href":"https:\/\/contraluzcucuta.co\/index.php?rest_route=%2Fwp%2Fv2%2Ftags&post=22405"}],"curies":[{"name":"wp","href":"https:\/\/api.w.org\/{rel}","templated":true}]}}