{"id":22401,"date":"2014-08-26T22:08:46","date_gmt":"2014-08-27T03:08:46","guid":{"rendered":"http:\/\/contraluzcucuta.co\/?p=22401"},"modified":"2014-08-28T21:48:56","modified_gmt":"2014-08-29T02:48:56","slug":"notas-al-margen-hay-que-afrontar-con-fe-la-trasformacion-de-la-region","status":"publish","type":"post","link":"https:\/\/contraluzcucuta.co\/?p=22401","title":{"rendered":"NOTAS AL MARGEN. Hay que afrontar con fe la\u00a0 trasformaci\u00f3n de la regi\u00f3n"},"content":{"rendered":"<p>1.- Mientras en muchas partes del\u00a0 el mundo prosiguen\u00a0 los anuncios sobre desajustes clim\u00e1ticos\u00a0 y la aparici\u00f3n de peligrosas situaciones que pueden poner la existencia humana ante sucesos graves y de connotaciones impredecibles, por la magnitud de las implicaciones en la superficie\u00a0 planetaria, que predisponen el \u00e1nimo y obligan a valorar las muchas \u00e1reas que debieran ser objeto de atenci\u00f3n, aqu\u00ed\u00a0\u00a0 seguimos\u00a0 sin\u00a0 pulsar lo que nos concierne.\u00a0 Creer &#8211;\u00a0 como muchos lo consideran todav\u00eda &#8211;\u00a0 que\u00a0 \u201chabr\u00e1 tiempos mejores\u201d, sin hacer nada,\u00a0\u00a0 es vivir irrealmente y seguir creyendo que las caras de la Luna o del Sol, en las diversas estaciones lo dicen todo, es no valorar, ni entender, las situaciones coaligadas y existentes en los planos superiores, as\u00ed como los influjos para millones de personas ante las sequ\u00edas, las tormentas y la necesidad de comprender que nos urge y con participaci\u00f3n de todos los pa\u00edses a\u00a0 una valoraci\u00f3n de realidades, con esp\u00edritu m\u00e1s comprensivo, sobre lo que acontece no solo lejos de nosotros, sino entre nosotros. Y para obrar con compromiso y conocimiento de causas.<\/p>\n<p>2.- Lo que\u00a0 sucede es de caracter\u00edsticas tan especiales que ameritan una evaluaci\u00f3n ponderada, junto a un examen de factores \u2013claro y cierto \u2013sobre lo que ocurre con la dirigencia y la comunidad porque no hay, ni se hacen actos de presencia comprometedores y por ello, la participaci\u00f3n es reducida, cuando no nula, porque no hay convocatorias con los interesados y lo que se anuncia o se asume es producto de presiones desde el centro o de peque\u00f1os n\u00facleos que siguen sin comprender que a\u00a0 esta regi\u00f3n y frontera\u00a0 no se le han otorgado las asistencias y auxilios necesarios para mejorar la infraestructura b\u00e1sica y de servicios .Y, menos, lo necesario, para encarar el futuro. Adem\u00e1s, que la descentralizaci\u00f3n y la representatividad no se dan, ni\u00a0 surge por ninguna parte, como si aqu\u00ed \u2013s\u00ed en nuestro medio &#8211;\u00a0 nadie pudiera asumir representaciones de importancia y para defender y proyectar el porvenir. Por eso, hay que aceptar que nos han faltado uni\u00f3n, labor en equipo y una fijaci\u00f3n de estrategias que comprometan y coaliguen al conjunto, porque seguir as\u00ed es, como recientemente lo anotaba ese patriarca del trasporte regional y fronterizo Leonardo M\u00e9ndez &#8211; al conocer los \u00edndices de rebaja y disminuci\u00f3n en las operaciones y el n\u00famero de las tracto mulas quemadas &#8211;\u00a0 que como muchos empieza a captar un sufrimiento generalizado.<\/p>\n<p>3.-Por eso, lo primordial no debe descuidarse, ni dar cabida a suspensos, aplazamientos\u00a0\u00a0 o\u00a0 dudas. De ah\u00ed que la soluci\u00f3n debe estar bajo el amparo de un verdadero y aut\u00e9ntico equipo\u00a0 representativo, que vele por lo propio, de manera constante y con disposici\u00f3n de \u00e1nimo, para superar\u00a0 todo obst\u00e1culo y temor. Y, anotamos esto, porque si continuamos como vamos, seremos la zona nacional, m\u00e1s encerrada y en retroceso, por el desali\u00f1o y falta de logros, en lo esencial.<\/p>\n<p>Y, con Venezuela \u2013as\u00ed, muchos no lo crean, ni esperen\u00a0 -hay que llegar a di\u00e1logos enaltecedores y productivos, porque hay mucho por hacer en el proceso de integraci\u00f3n y en la generaci\u00f3n de empleo, si analizamos con acierto, lo que hay por\u00a0 hacer\u00a0 y de manera conjunta y comprometida, mediante ejemplarizantes pol\u00edticas de Estado &#8211; como lo propuso Bol\u00edvar &#8211;\u00a0 y lo insin\u00faa la oportunidad de promover Parques Industriales y Tecnol\u00f3gico, mediante Est\u00edmulos, Incentivos y Mecanismos, bien planificados, que cambiar\u00edan nuestra situaci\u00f3n ,porque ingresar\u00edamos a los terrenos y ambientes de producci\u00f3n y empleo. Todo esto se puede y debe hacerse. Lo que falta es el impulso y la proyecci\u00f3n de gestiones transformadoras, que sustituyan el facilismo e inmediatismo, por conductas que comprometan el presente y el futuro, apoyadas y sustentadas por las pol\u00edticas de Estado, que permitan ese accionar abierto y comprometido. S\u00ed, lo que nos falta, es: decisi\u00f3n, entereza\u00a0 y una noci\u00f3n de transformaci\u00f3n, que sacuda la pasividad e indiferencia existentes, que muchas veces trasciende hacia dentro y hacia afuera. Y, por eso, lo que ahora nos aqueja\u00a0\u00a0 y debe cambiar y constituirse\u00a0 en una fuerza y\u00a0 reto edificante, para beneficio zonal\u00a0 general\u00a0 y de Colombia y Venezuela.<\/p>\n<p><strong>\u00a0JOS\u00c9 NEIRA REY\u00a0\u00a0\u00a0\u00a0\u00a0\u00a0\u00a0 <\/strong><\/p>\n<p><strong><a href=\"mailto:jneirarey@hotmail.com\">jneirarey@hotmail.com<\/a><\/strong><\/p>\n<p>&nbsp;<\/p>\n<p>&nbsp; <\/p>\n","protected":false},"excerpt":{"rendered":"<p>1.- Mientras en muchas partes del\u00a0 el mundo prosiguen\u00a0 los anuncios sobre desajustes clim\u00e1ticos\u00a0 y la aparici\u00f3n de peligrosas situaciones que pueden poner la existencia humana ante sucesos graves y de connotaciones impredecibles, por la magnitud de las implicaciones en la superficie\u00a0 planetaria, que predisponen el \u00e1nimo y obligan a valorar las muchas \u00e1reas que &hellip;<\/p>\n","protected":false},"author":1,"featured_media":22402,"comment_status":"open","ping_status":"open","sticky":false,"template":"","format":"standard","meta":{"footnotes":""},"categories":[14,32],"tags":[303,956],"class_list":["post-22401","post","type-post","status-publish","format-standard","has-post-thumbnail","hentry","category-articulistas","category-recorrido-por-la-region","tag-jose-neira-rey","tag-notas-al-margen"],"_links":{"self":[{"href":"https:\/\/contraluzcucuta.co\/index.php?rest_route=\/wp\/v2\/posts\/22401","targetHints":{"allow":["GET"]}}],"collection":[{"href":"https:\/\/contraluzcucuta.co\/index.php?rest_route=\/wp\/v2\/posts"}],"about":[{"href":"https:\/\/contraluzcucuta.co\/index.php?rest_route=\/wp\/v2\/types\/post"}],"author":[{"embeddable":true,"href":"https:\/\/contraluzcucuta.co\/index.php?rest_route=\/wp\/v2\/users\/1"}],"replies":[{"embeddable":true,"href":"https:\/\/contraluzcucuta.co\/index.php?rest_route=%2Fwp%2Fv2%2Fcomments&post=22401"}],"version-history":[{"count":1,"href":"https:\/\/contraluzcucuta.co\/index.php?rest_route=\/wp\/v2\/posts\/22401\/revisions"}],"predecessor-version":[{"id":22403,"href":"https:\/\/contraluzcucuta.co\/index.php?rest_route=\/wp\/v2\/posts\/22401\/revisions\/22403"}],"wp:featuredmedia":[{"embeddable":true,"href":"https:\/\/contraluzcucuta.co\/index.php?rest_route=\/wp\/v2\/media\/22402"}],"wp:attachment":[{"href":"https:\/\/contraluzcucuta.co\/index.php?rest_route=%2Fwp%2Fv2%2Fmedia&parent=22401"}],"wp:term":[{"taxonomy":"category","embeddable":true,"href":"https:\/\/contraluzcucuta.co\/index.php?rest_route=%2Fwp%2Fv2%2Fcategories&post=22401"},{"taxonomy":"post_tag","embeddable":true,"href":"https:\/\/contraluzcucuta.co\/index.php?rest_route=%2Fwp%2Fv2%2Ftags&post=22401"}],"curies":[{"name":"wp","href":"https:\/\/api.w.org\/{rel}","templated":true}]}}