{"id":22395,"date":"2014-08-26T21:19:15","date_gmt":"2014-08-27T02:19:15","guid":{"rendered":"http:\/\/contraluzcucuta.co\/?p=22395"},"modified":"2014-08-28T18:20:04","modified_gmt":"2014-08-28T23:20:04","slug":"seis-dias-de-festival-encuentemonos-en-la-frontera","status":"publish","type":"post","link":"https:\/\/contraluzcucuta.co\/?p=22395","title":{"rendered":"SEIS D\u00cdAS DE FESTIVAL. \u2018Encuent\u00e9monos en la Frontera\u2019"},"content":{"rendered":"<p><strong>C\u00daCUTA.-<\/strong> Los nortesantandereanos vivir\u00e1n seis d\u00edas de cuentos con la sexta versi\u00f3n del Festival Internacional de Cuenteros \u2018Encuent\u00e9monos en la Frontera\u2019. En esta ocasi\u00f3n se rendir\u00e1 homenaje al poeta Eduardo Cote Lamus.<\/p>\n<p>Este a\u00f1o participar\u00e1n Romer Pe\u00f1a (Barquisimeto \u2013 Venezuela), Cristian Maturana (Chile), Iv\u00e1n Zepada (M\u00e9xico) y Jer\u00f3nimo Ogalla (Espa\u00f1a). Por Colombia estar\u00e1n Nicol\u00e1s Abad (Manizales), Armando Cabrera (Pasto), Luis Alejandro Campos, Bernardo P\u00e1ez, Freddy Ayala, Andr\u00e9s Rinc\u00f3n y Yenyfer C\u00f3rdoba (Bogot\u00e1)<\/p>\n<p>La cuota de Norte de Santander la representan Ricardo Aparicio, Luis Madariaga (Convenci\u00f3n), Francisco Pe\u00f1aloza (Labateca), Andr\u00e9s G\u00f3mez (Chin\u00e1cota), Cristian Sanabria y Andrew Dasilva (Villa del Rosario), Jos\u00e9 Miguel Merch\u00e1n, Diego Prada y Carlos Guti\u00e9rrez (C\u00facuta).<\/p>\n<p>La\u00a0 programaci\u00f3n contempla talleres, conversatorios y funciones en la Torre del Reloj, la Biblioteca P\u00fablica, el Teatro Manotas (La Libertad), la Universidad Francisco de Paula Santander, el puente de Guadua, la Casa de la Bagatela y colegios del departamento. Los cuenteros\u00a0 llegar\u00e1n a Villa del Rosario, Los Patios, El Zulia, Pamplona, Chin\u00e1cota, Chitag\u00e1 y C\u00facuta.<\/p>\n<p>En este a\u00f1o se pretende atender a 30.000 espectadores en las 120 funciones programadas. De esa manera se superar\u00e1 la asistencia a las versiones anteriores del Festival.<\/p>\n<p>\u201cLos habitantes del departamento estar\u00e1n complacidos con la sexta versi\u00f3n del Festival\u201d, dijo Judith Ortega, secretaria de Cultura. En una semana disfrutar\u00e1n las presentaciones de los artistas.<\/p>\n<p>En la cuentear\u00eda el poder de la palabra es utilizado a favor de las historias de suspenso, humor y fantas\u00eda. \u201cLos esperamos a todos en cada uno de los lugares que se han dispuesto para este evento\u201d, dijo la funcionaria.<\/p>\n<p>La entrada es libre y las boletas podr\u00e1n conseguirse en la Secretar\u00eda, la Biblioteca P\u00fablica Julio P\u00e9rez Ferrero y la ONG Funpronor.<\/p>\n<p>&nbsp;<\/p>\n<p>&nbsp; <\/p>\n","protected":false},"excerpt":{"rendered":"<p>C\u00daCUTA.- Los nortesantandereanos vivir\u00e1n seis d\u00edas de cuentos con la sexta versi\u00f3n del Festival Internacional de Cuenteros \u2018Encuent\u00e9monos en la Frontera\u2019. En esta ocasi\u00f3n se rendir\u00e1 homenaje al poeta Eduardo Cote Lamus. Este a\u00f1o participar\u00e1n Romer Pe\u00f1a (Barquisimeto \u2013 Venezuela), Cristian Maturana (Chile), Iv\u00e1n Zepada (M\u00e9xico) y Jer\u00f3nimo Ogalla (Espa\u00f1a). Por Colombia estar\u00e1n Nicol\u00e1s Abad &hellip;<\/p>\n","protected":false},"author":1,"featured_media":22396,"comment_status":"open","ping_status":"open","sticky":false,"template":"","format":"standard","meta":{"footnotes":""},"categories":[45,37],"tags":[1618,424],"class_list":["post-22395","post","type-post","status-publish","format-standard","has-post-thumbnail","hentry","category-destacado","category-paseo-cultural","tag-encuentemonos-en-la-frontera","tag-festival-de-cuenteros-en-cucuta"],"_links":{"self":[{"href":"https:\/\/contraluzcucuta.co\/index.php?rest_route=\/wp\/v2\/posts\/22395","targetHints":{"allow":["GET"]}}],"collection":[{"href":"https:\/\/contraluzcucuta.co\/index.php?rest_route=\/wp\/v2\/posts"}],"about":[{"href":"https:\/\/contraluzcucuta.co\/index.php?rest_route=\/wp\/v2\/types\/post"}],"author":[{"embeddable":true,"href":"https:\/\/contraluzcucuta.co\/index.php?rest_route=\/wp\/v2\/users\/1"}],"replies":[{"embeddable":true,"href":"https:\/\/contraluzcucuta.co\/index.php?rest_route=%2Fwp%2Fv2%2Fcomments&post=22395"}],"version-history":[{"count":1,"href":"https:\/\/contraluzcucuta.co\/index.php?rest_route=\/wp\/v2\/posts\/22395\/revisions"}],"predecessor-version":[{"id":22397,"href":"https:\/\/contraluzcucuta.co\/index.php?rest_route=\/wp\/v2\/posts\/22395\/revisions\/22397"}],"wp:featuredmedia":[{"embeddable":true,"href":"https:\/\/contraluzcucuta.co\/index.php?rest_route=\/wp\/v2\/media\/22396"}],"wp:attachment":[{"href":"https:\/\/contraluzcucuta.co\/index.php?rest_route=%2Fwp%2Fv2%2Fmedia&parent=22395"}],"wp:term":[{"taxonomy":"category","embeddable":true,"href":"https:\/\/contraluzcucuta.co\/index.php?rest_route=%2Fwp%2Fv2%2Fcategories&post=22395"},{"taxonomy":"post_tag","embeddable":true,"href":"https:\/\/contraluzcucuta.co\/index.php?rest_route=%2Fwp%2Fv2%2Ftags&post=22395"}],"curies":[{"name":"wp","href":"https:\/\/api.w.org\/{rel}","templated":true}]}}