{"id":22371,"date":"2014-08-23T22:08:52","date_gmt":"2014-08-24T03:08:52","guid":{"rendered":"http:\/\/contraluzcucuta.co\/?p=22371"},"modified":"2014-08-25T22:40:39","modified_gmt":"2014-08-26T03:40:39","slug":"medio-ambiente-los-heroes-ecologicos-si-existen","status":"publish","type":"post","link":"https:\/\/contraluzcucuta.co\/?p=22371","title":{"rendered":"MEDIO AMBIENTE. \u00a1Los h\u00e9roes ecol\u00f3gicos, s\u00ed existen!"},"content":{"rendered":"<p><strong>C\u00daCUTA.-<\/strong> El Cerro Tasajero proyecta la sombra y calma al incesante sol para permitir que se lleve a cabo la II Jornada \u2018H\u00e9roes Ecol\u00f3gicos\u2019, con las comunidades de Colinas de Bello Monte y Mar\u00eda Auxiliadora. El polvoriento camino recibi\u00f3 a los protagonistas, ni\u00f1os de 3 a 12 a\u00f1os residentes en casas de tabla y zinc, empinadas en la ladera que sirve de balc\u00f3n para ver el esplendor de la frontera con la l\u00ednea imaginaria llamada r\u00edo Tachira.<\/p>\n<p>Improvisados vestuarios, algunos con la camisa de la Selecci\u00f3n Colombia, otros descalzos, pero con la disposici\u00f3n de participar, se acercaron a la ma\u00f1ana medioambiental de plantaci\u00f3n de \u00e1rboles con apoyo profesional del ingeniero agr\u00f3nomo Joshua Rangel.<\/p>\n<p>\u2018H\u00e9roes Ecol\u00f3gicos\u2019, iniciativa liderada por la Fundaci\u00f3n Ixora, en cabeza de Edwin G\u00e9lvez y Dileidy Mart\u00ednez, cont\u00f3 con la movilizaci\u00f3n de voluntarios con \u00e1nimos de servir y dejar huella en el desarrollo sostenible de la regi\u00f3n. Adem\u00e1s, se vincularon entidades p\u00fablicas y privadas con el prop\u00f3sito de aportar a la soluci\u00f3n de problemas sociales, ambientales y de salud que aquejan a Norte de Santander.<\/p>\n<p>El objetivo de la jornada era inculcar valores ecol\u00f3gicos y mostrar la \u00a0importancia de cuidar el entorno desde la educaci\u00f3n ambiental. El terreno donde se \u00a0plantaron las matas es el destinado para el futuro parque de la comunidad, con alianzas estrat\u00e9gicas e institucionales. El espacio comparte una cancha de banquitas, con porter\u00edas de tubos de PVC y pido de ladrillo picado. Ah\u00ed, los peque\u00f1os sue\u00f1an con ser como los jugadores de la tricolor.<\/p>\n<p>Sin guantes para protecci\u00f3n, con palustre y palitas de juguete, los ni\u00f1os sacaron tierra, piedras y relleno del asentamiento, en el oriente de la hacienda de do\u00f1a Juana Rangel de Cu\u00e9llar.<\/p>\n<p>Las habilidades art\u00edsticas fueron demostradas con pincel en mano, vinilos y madera lista para pintar. Las manos y el rostro de los ni\u00f1os atestiguaron el arduo trabajo con los asesores did\u00e1cticos, que los guiaron para plasmar mensajes ecol\u00f3gicos y en pro del medio ambiente.<\/p>\n<p>El abono junt\u00f3 esfuerzos con el oit\u00ed, los urapos y las ixsoras para adornar los caminos de herradura donde juegan los \u2018H\u00e9roes Ecol\u00f3gicos\u2019. El choque del martillo en los\u00a0 letreros y la mano de obra ampollada se \u00a0mezcladas con el sudor de los voluntarios, que dejaron mensajes de impacto en Colinas de Bello Monte y Mar\u00eda Auxiliadora.<\/p>\n<p>\u201cEl resultado de la Jornada \u2018H\u00e9roes Ecol\u00f3gicos\u2019 fue gratificante por el servicio que se prest\u00f3 a esta comunidad, que exige inclusi\u00f3n social e intervenci\u00f3n en el desarrollo\u201d, dijo Fabiola Guti\u00e9rrez, jefa de prensa y comunicaciones del grupo Consultor GyF.<\/p>\n<p>Con el antifaz, sin la capa, pero con la conclusi\u00f3n clara, culmin\u00f3 la jornada. El \u00a0calor sofocaba a los habitantes, pero el valor de la sonrisa de los ni\u00f1os no tiene retribuci\u00f3n econ\u00f3mica. En cambio s\u00ed la firme convicci\u00f3n de trabajar\u00a0 para brindar mejores condiciones a sociedades con situaci\u00f3n de vulnerabilidad<\/p>\n<p>Qued\u00f3 demostrado que se debe recordar d\u00eda a d\u00eda la labor en equipo\u00a0 por la naturaleza y el medio ambiente. Los habitantes se comprometieron a cuidar los implementos con la colaboraci\u00f3n de los ni\u00f1os y la Fundaci\u00f3n Ixora.<\/p>\n<p>Ahora, Colinas de Bello Monte y Mar\u00eda Auxiliadora tienen otra cara. Las zonas \u00a0verdes abundan y los \u00e1rboles esperan fervientemente el riego para dar sombra, jugar y divertirse con los \u2018H\u00e9roes Ecol\u00f3gicos\u2019. Los limonares ser\u00e1n el sendero decorado para los visitantes y las comunidades invitan a participar en el cambio del aspecto sociocultural donde residen.<\/p>\n<p><strong>EDWIN G\u00c9LVEZ<\/strong><\/p>\n<p><strong>Estudiante de Comunicaci\u00f3n Social<\/strong><\/p>\n<p><strong>Universidad de Pamplona<\/strong><\/p>\n<p><strong>Campus de Villa del Rosario<\/strong><\/p>\n<p>&nbsp; <\/p>\n","protected":false},"excerpt":{"rendered":"<p>C\u00daCUTA.- El Cerro Tasajero proyecta la sombra y calma al incesante sol para permitir que se lleve a cabo la II Jornada \u2018H\u00e9roes Ecol\u00f3gicos\u2019, con las comunidades de Colinas de Bello Monte y Mar\u00eda Auxiliadora. El polvoriento camino recibi\u00f3 a los protagonistas, ni\u00f1os de 3 a 12 a\u00f1os residentes en casas de tabla y zinc, &hellip;<\/p>\n","protected":false},"author":1,"featured_media":22372,"comment_status":"open","ping_status":"open","sticky":false,"template":"","format":"standard","meta":{"footnotes":""},"categories":[4,36],"tags":[1609,1608],"class_list":["post-22371","post","type-post","status-publish","format-standard","has-post-thumbnail","hentry","category-barra","category-la-voz-del-pueblo","tag-fundacion-ixora","tag-heroes-ecologicos"],"_links":{"self":[{"href":"https:\/\/contraluzcucuta.co\/index.php?rest_route=\/wp\/v2\/posts\/22371","targetHints":{"allow":["GET"]}}],"collection":[{"href":"https:\/\/contraluzcucuta.co\/index.php?rest_route=\/wp\/v2\/posts"}],"about":[{"href":"https:\/\/contraluzcucuta.co\/index.php?rest_route=\/wp\/v2\/types\/post"}],"author":[{"embeddable":true,"href":"https:\/\/contraluzcucuta.co\/index.php?rest_route=\/wp\/v2\/users\/1"}],"replies":[{"embeddable":true,"href":"https:\/\/contraluzcucuta.co\/index.php?rest_route=%2Fwp%2Fv2%2Fcomments&post=22371"}],"version-history":[{"count":1,"href":"https:\/\/contraluzcucuta.co\/index.php?rest_route=\/wp\/v2\/posts\/22371\/revisions"}],"predecessor-version":[{"id":22373,"href":"https:\/\/contraluzcucuta.co\/index.php?rest_route=\/wp\/v2\/posts\/22371\/revisions\/22373"}],"wp:featuredmedia":[{"embeddable":true,"href":"https:\/\/contraluzcucuta.co\/index.php?rest_route=\/wp\/v2\/media\/22372"}],"wp:attachment":[{"href":"https:\/\/contraluzcucuta.co\/index.php?rest_route=%2Fwp%2Fv2%2Fmedia&parent=22371"}],"wp:term":[{"taxonomy":"category","embeddable":true,"href":"https:\/\/contraluzcucuta.co\/index.php?rest_route=%2Fwp%2Fv2%2Fcategories&post=22371"},{"taxonomy":"post_tag","embeddable":true,"href":"https:\/\/contraluzcucuta.co\/index.php?rest_route=%2Fwp%2Fv2%2Ftags&post=22371"}],"curies":[{"name":"wp","href":"https:\/\/api.w.org\/{rel}","templated":true}]}}