{"id":22362,"date":"2014-08-23T19:23:58","date_gmt":"2014-08-24T00:23:58","guid":{"rendered":"http:\/\/contraluzcucuta.co\/?p=22362"},"modified":"2014-08-25T21:07:01","modified_gmt":"2014-08-26T02:07:01","slug":"declaracion-politica-frente-por-la-paz-y-la-justicia-social-en-norte-de-santander","status":"publish","type":"post","link":"https:\/\/contraluzcucuta.co\/?p=22362","title":{"rendered":"DECLARACI\u00d3N POL\u00cdTICA. Frente por la paz y la justicia social en Norte de Santander"},"content":{"rendered":"<p>Nos hemos reunido en C\u00facuta distintas expresiones pol\u00edticas, sociales y populares de nuestro departamento y la frontera colombo-venezolana, con el objetivo de avanzar en la construcci\u00f3n de una amplia coalici\u00f3n pol\u00edtica que aglutine a hombres y mujeres que deseen integrar una convergencia democr\u00e1tica de cambio y trasformaci\u00f3n social para la acci\u00f3n pol\u00edtica permanente, fundada en el respeto por la diversidad ideol\u00f3gica, comprometida con la construcci\u00f3n de la paz y de una sociedad m\u00e1s justa y equitativa que se perfile como alternativa real de poder.<\/p>\n<p>Apoyamos la soluci\u00f3n pol\u00edtica negociada al largo y doloroso conflicto armado, social y pol\u00edtico que nos afecta, los di\u00e1logos que adelanta el gobierno del presidente Juan Manuel Santos con las Farc en La Habana (Cuba) y los exploratorios con el Eln. Esperando que r\u00e1pidamente se abran las posibilidades de hacer lo mismo con el Epl.<\/p>\n<p>Esto quiere decir que impulsaremos las acciones pol\u00edticas necesarias que ayuden a garantizar la m\u00e1s amplia participaci\u00f3n de la sociedad colombiana y en particular de los nortesantandereanos en la reconciliaci\u00f3n de nuestra sociedad y la construcci\u00f3n de una paz con justicia social.<\/p>\n<p>Aspiramos a conquistar una apertura democr\u00e1tica, como camino para lograr las reformas necesarias que permitan adelantar las trasformaciones econ\u00f3micas, sociales y pol\u00edticas que el pa\u00eds reclama; que genere nuevos mecanismos de participaci\u00f3n pol\u00edtica y siente las bases para la construcci\u00f3n de una cultura de paz y de convivencia social, ejes trasformadores de valores, tradiciones y costumbres ligados a factores de violencia y de conflicto armado que han vivido nuestra patria y el departamento.<\/p>\n<p>Reclamamos del gobierno nacional una respuesta seria e inmediata a los grav\u00edsimos problemas sociales y econ\u00f3micos por los que atraviesa nuestra regi\u00f3n, garantizando una participaci\u00f3n efectiva de los m\u00e1s diversos sectores de nuestra ciudad y del departamento.<\/p>\n<p>Llamamos a respetar la soberan\u00eda de los pa\u00edses hermanos cualquiera sea su forma de gobierno, impulsando la no injerencia en los asuntos internos y avanzando en la vinculaci\u00f3n a los procesos de integraci\u00f3n regional y latinoamericanos.<\/p>\n<p>&nbsp; <\/p>\n","protected":false},"excerpt":{"rendered":"<p>Nos hemos reunido en C\u00facuta distintas expresiones pol\u00edticas, sociales y populares de nuestro departamento y la frontera colombo-venezolana, con el objetivo de avanzar en la construcci\u00f3n de una amplia coalici\u00f3n pol\u00edtica que aglutine a hombres y mujeres que deseen integrar una convergencia democr\u00e1tica de cambio y trasformaci\u00f3n social para la acci\u00f3n pol\u00edtica permanente, fundada en &hellip;<\/p>\n","protected":false},"author":1,"featured_media":22363,"comment_status":"open","ping_status":"open","sticky":false,"template":"","format":"standard","meta":{"footnotes":""},"categories":[9,32],"tags":[1607],"class_list":["post-22362","post","type-post","status-publish","format-standard","has-post-thumbnail","hentry","category-politica","category-recorrido-por-la-region","tag-frente-por-la-paz"],"_links":{"self":[{"href":"https:\/\/contraluzcucuta.co\/index.php?rest_route=\/wp\/v2\/posts\/22362","targetHints":{"allow":["GET"]}}],"collection":[{"href":"https:\/\/contraluzcucuta.co\/index.php?rest_route=\/wp\/v2\/posts"}],"about":[{"href":"https:\/\/contraluzcucuta.co\/index.php?rest_route=\/wp\/v2\/types\/post"}],"author":[{"embeddable":true,"href":"https:\/\/contraluzcucuta.co\/index.php?rest_route=\/wp\/v2\/users\/1"}],"replies":[{"embeddable":true,"href":"https:\/\/contraluzcucuta.co\/index.php?rest_route=%2Fwp%2Fv2%2Fcomments&post=22362"}],"version-history":[{"count":1,"href":"https:\/\/contraluzcucuta.co\/index.php?rest_route=\/wp\/v2\/posts\/22362\/revisions"}],"predecessor-version":[{"id":22364,"href":"https:\/\/contraluzcucuta.co\/index.php?rest_route=\/wp\/v2\/posts\/22362\/revisions\/22364"}],"wp:featuredmedia":[{"embeddable":true,"href":"https:\/\/contraluzcucuta.co\/index.php?rest_route=\/wp\/v2\/media\/22363"}],"wp:attachment":[{"href":"https:\/\/contraluzcucuta.co\/index.php?rest_route=%2Fwp%2Fv2%2Fmedia&parent=22362"}],"wp:term":[{"taxonomy":"category","embeddable":true,"href":"https:\/\/contraluzcucuta.co\/index.php?rest_route=%2Fwp%2Fv2%2Fcategories&post=22362"},{"taxonomy":"post_tag","embeddable":true,"href":"https:\/\/contraluzcucuta.co\/index.php?rest_route=%2Fwp%2Fv2%2Ftags&post=22362"}],"curies":[{"name":"wp","href":"https:\/\/api.w.org\/{rel}","templated":true}]}}