{"id":22359,"date":"2014-08-23T19:12:17","date_gmt":"2014-08-24T00:12:17","guid":{"rendered":"http:\/\/contraluzcucuta.co\/?p=22359"},"modified":"2014-08-25T20:23:21","modified_gmt":"2014-08-26T01:23:21","slug":"the-color-run-la-carrera-de-la-felicidad","status":"publish","type":"post","link":"https:\/\/contraluzcucuta.co\/?p=22359","title":{"rendered":"THE COLOR RUN. La carrera de la felicidad"},"content":{"rendered":"<p><strong>C\u00facuta.-<\/strong> Despu\u00e9s del\u00a0 \u00e9xito \u00a0alcanzado en diferentes ciudades de Colombia y el mundo, \u00a0The Color Run\u00a0 llega a C\u00facuta para contagiar de felicidad y amor a los cucute\u00f1os, \u00a0de la mano de \u00a0empresas locales, nacionales e internacionales.<\/p>\n<p>La carrera, el 28 de septiembre, iniciar\u00e1 con el desplazamiento de los primeros 1000 o 1200 participantes, \u00a0a las 8:30 de la ma\u00f1ana. En un lapso no mayor de 10 minutos saldr\u00e1n los dem\u00e1s grupos.<\/p>\n<p>La carrera constar\u00e1 de los 5 kil\u00f3metros \u201cm\u00e1s felices del planeta\u201d. Partir\u00e1 de la avenida 0 con calle 10 hasta la glorieta del club tenis y culminar\u00e1 en la plazoleta media del centro comercial Ventura Plaza. La expectativa que trae esta carrera para la ciudad es el entretenimiento de la familia sin l\u00edmites de edad.<\/p>\n<p>La boleta podr\u00e1 adquirirse en los puntos autorizados y costar\u00e1 $ 55.000, que garantizar\u00e1n la entrega del kit necesario para la carrera. Los ni\u00f1os menores de 6 a\u00f1os no pagar\u00e1n boleta.<\/p>\n<p>El kit contiene camiseta, balaca, guante, tatuaje de agua y bolsa de polvo con las insignias que identifican la carrera. Tambi\u00e9n, podr\u00e1n adquirirse gorras, camisetas deportivas y termos con un valor adicional.<\/p>\n<p>\u201cVan a correr\u00a0 5 kil\u00f3metros al mejor estilo, con la mejor diversi\u00f3n, en familia y haciendo lo que hizo la gente de Nueva York, Orlando, Miami, Bogot\u00e1, Medell\u00edn y muchas partes del mundo. Es decirle a C\u00facuta que s\u00ed podemos hacer cosas de primer nivel\u201d, dijo\u00a0 Ram\u00f3n Posada, organizador de la actividad.<\/p>\n<p>De tener una respuesta positiva en esta primera versi\u00f3n, se planear\u00e1 otro nocturno para que los participantes disfruten de un ambiente sano, en familia y diferente.<\/p>\n<p>&nbsp; <\/p>\n","protected":false},"excerpt":{"rendered":"<p>C\u00facuta.- Despu\u00e9s del\u00a0 \u00e9xito \u00a0alcanzado en diferentes ciudades de Colombia y el mundo, \u00a0The Color Run\u00a0 llega a C\u00facuta para contagiar de felicidad y amor a los cucute\u00f1os, \u00a0de la mano de \u00a0empresas locales, nacionales e internacionales. La carrera, el 28 de septiembre, iniciar\u00e1 con el desplazamiento de los primeros 1000 o 1200 participantes, \u00a0a &hellip;<\/p>\n","protected":false},"author":1,"featured_media":22360,"comment_status":"open","ping_status":"open","sticky":false,"template":"","format":"standard","meta":{"footnotes":""},"categories":[45],"tags":[1606],"class_list":["post-22359","post","type-post","status-publish","format-standard","has-post-thumbnail","hentry","category-destacado","tag-the-color-run"],"_links":{"self":[{"href":"https:\/\/contraluzcucuta.co\/index.php?rest_route=\/wp\/v2\/posts\/22359","targetHints":{"allow":["GET"]}}],"collection":[{"href":"https:\/\/contraluzcucuta.co\/index.php?rest_route=\/wp\/v2\/posts"}],"about":[{"href":"https:\/\/contraluzcucuta.co\/index.php?rest_route=\/wp\/v2\/types\/post"}],"author":[{"embeddable":true,"href":"https:\/\/contraluzcucuta.co\/index.php?rest_route=\/wp\/v2\/users\/1"}],"replies":[{"embeddable":true,"href":"https:\/\/contraluzcucuta.co\/index.php?rest_route=%2Fwp%2Fv2%2Fcomments&post=22359"}],"version-history":[{"count":1,"href":"https:\/\/contraluzcucuta.co\/index.php?rest_route=\/wp\/v2\/posts\/22359\/revisions"}],"predecessor-version":[{"id":22361,"href":"https:\/\/contraluzcucuta.co\/index.php?rest_route=\/wp\/v2\/posts\/22359\/revisions\/22361"}],"wp:featuredmedia":[{"embeddable":true,"href":"https:\/\/contraluzcucuta.co\/index.php?rest_route=\/wp\/v2\/media\/22360"}],"wp:attachment":[{"href":"https:\/\/contraluzcucuta.co\/index.php?rest_route=%2Fwp%2Fv2%2Fmedia&parent=22359"}],"wp:term":[{"taxonomy":"category","embeddable":true,"href":"https:\/\/contraluzcucuta.co\/index.php?rest_route=%2Fwp%2Fv2%2Fcategories&post=22359"},{"taxonomy":"post_tag","embeddable":true,"href":"https:\/\/contraluzcucuta.co\/index.php?rest_route=%2Fwp%2Fv2%2Ftags&post=22359"}],"curies":[{"name":"wp","href":"https:\/\/api.w.org\/{rel}","templated":true}]}}