{"id":22349,"date":"2014-08-22T19:40:19","date_gmt":"2014-08-23T00:40:19","guid":{"rendered":"http:\/\/contraluzcucuta.co\/?p=22349"},"modified":"2014-08-23T21:47:18","modified_gmt":"2014-08-24T02:47:18","slug":"notas-al-margen-que-es-lo-que-esta-pasando-hacia-donde-vamos","status":"publish","type":"post","link":"https:\/\/contraluzcucuta.co\/?p=22349","title":{"rendered":"NOTAS AL MARGEN. \u00bfQu\u00e9 es lo que est\u00e1 pasando?\u00a0\u00a0\u00bfHacia d\u00f3nde vamos?"},"content":{"rendered":"<p>1.-Lo impensado e incre\u00edble \u2013porque todo pareciera una onda que arrasa con todo y sin que nadie\u00a0\u00a0levante la voz y exponga su criterio \u2013es lo que ocurre con actitudes y conductas empleadas desde la C\u00e1mara de Comercio de C\u00facuta sobre iniciativas y proyectos que debieran tener mayor an\u00e1lisis y participaci\u00f3n amplia de los sectores y los n\u00facleos que integran y conforman las fuerzas vivas y representativas de la regi\u00f3n.<\/p>\n<p>Lo ocurrido con la Zona Franca Industrial y Comercial de C\u00facuta, que inici\u00f3 operaciones en los comienzos de los a\u00f1os 70, del pasado siglo y que demostr\u00f3 ser operable, luego de un batallar para obtener el establecimiento y que comprometi\u00f3 al sector privado y a las autoridades locales, departamentales y nacionales hasta constituirse en entidad p\u00fablica, previa adquisici\u00f3n de los terrenos, conforme a los estudios de ubicaci\u00f3n que efectuaron expertos \u00a0y la complementaci\u00f3n de aquellos referidos a la reglamentaci\u00f3n, operatividad y funcionamiento administrativo encuentra en el 2014, y como consecuencia de una indiferencia asistencial\u00a0\u00a0de los gobiernos nacional, departamental y local \u2013que llegaron hasta la entrega de 20 hect\u00e1reas a la Polic\u00eda para que construyera el Comando Administrativo, donde estaba prevista el \u00e1rea industrial, y a intentar durante los Juegos Nacionales que parte de los terrenos se trasformaran en piscinas y se entregaran para el Centro de Convenciones, sin evaluar, ni valorar, lo que representa para la regi\u00f3n y la frontera un\u00a0\u00a0instrumento de comercio exterior, como este, porque\u00a0\u00a0\u00a0desde finales de los 90 y comienzos del 2000, el organismo operador perdi\u00f3 la vinculaci\u00f3n local y se entreg\u00f3 a la Zona Franca de Bogot\u00e1 y luego a la de Barranquilla, hasta llegar a\u00a0\u00a0las condiciones de hoy, cuando se anuncia la venta de los terrenos\u00a0\u00a0y la virtual inoperancia del establecimiento, tal como pas\u00f3 con Interfer\u00edas y ocurre con todas las prioridades, porque\u00a0\u00a0falta seguimiento, coordinaci\u00f3n y visi\u00f3n de perspectivas, produci\u00e9ndose un inocultable vac\u00edo directivo, que es f\u00e1cilmente captable por quien pregunte \u00bfHacia d\u00f3nde van C\u00facuta, la regi\u00f3n y la frontera?\u00a0\u00a0De ah\u00ed que tambi\u00e9n valga instar a la dirigencia para que \u00a1Despierte!<\/p>\n<p>2.- Pero si esto es lamentable y para decirlo fue necesario contratar y pagar una suma superior a los $ 200 millones, golpea m\u00e1s fuerte la indiferencia sobre el cierre unilateral de la frontera, la ausencia de propuestas para encarar la realidad existente y la pasividad que domina al conjunto sobre las prioridades, sin que haya plenitud de acuerdos\u00a0\u00a0y entendimientos, como acontece con el caso del agua, la infraestructura y los empalmes viales y a\u00e9reos, la\u00a0\u00a0urgencia de fuentes de empleo y el manejo de la bilateralidad y el desarrollo que identifica las caracter\u00edsticas zonales y que le imprime un esp\u00edritu de pertenencia distinto al que se vive en los centros nacionales<\/p>\n<p>3.- Lo grave y delicado es que no se piense ni obre con direcci\u00f3n a esa meta, es en la relaci\u00f3n que por siempre mantendremos con Venezuela y que debiera tener pol\u00edticas de Estado que definieran y proyectaran esa mancomunidad de intereses, como lo plante\u00f3, en 1821, el libertador Sim\u00f3n Bol\u00edvar, cuando por intermedio de Fernando Pe\u00f1alver insinu\u00f3 la creaci\u00f3n de una faja territorial que manejaran los dos pa\u00edses.<\/p>\n<p>\u00bfPor qu\u00e9 no trabajar al un\u00edsono sobre esta opci\u00f3n, acercando a los\u00a0\u00a0sectores\u00a0\u00a0privado y p\u00fablico de los dos pa\u00edses y\u00a0\u00a0planteando la posibilidad de dar cabida a parques industriales y tecnol\u00f3gicos conjuntos, Zonas Francas Especializadas y Zonas Aduaneras para maquiladores? \u00bfNo es acaso conveniente un permanente di\u00e1logo y\u00a0\u00a0una mayor unidad, as\u00ed como el hallazgo de alternativas productivas\u00a0\u00a0\u00a0y\u00a0\u00a0la creaci\u00f3n de\u00a0\u00a0fuentes de empleo? \u00bfVenezuela y Colombia no est\u00e1n ligadas para siempre por nexos y lazos hist\u00f3ricos\u00a0\u00a0y de proyecci\u00f3n?<\/p>\n<p>Respetemos la libre determinaci\u00f3n de los pueblos, pero no olvidemos que nos requerimos unos a otros. Y que las regiones y\u00a0las \u00a0zonas fronterizas son los nudos de articulaci\u00f3n\u00a0\u00a0e integraci\u00f3n m\u00e1s importantes. Por eso \u00a1Obremos unidos!<\/p>\n<p><strong>JOS\u00c9 NEIRA REY<\/strong><\/p>\n<p><strong><a href=\"mailto:jneirarey@hotmail.com\">jneirarey@hotmail.com<\/a><\/strong><\/p>\n<p>&nbsp; <\/p>\n","protected":false},"excerpt":{"rendered":"<p>1.-Lo impensado e incre\u00edble \u2013porque todo pareciera una onda que arrasa con todo y sin que nadie\u00a0\u00a0levante la voz y exponga su criterio \u2013es lo que ocurre con actitudes y conductas empleadas desde la C\u00e1mara de Comercio de C\u00facuta sobre iniciativas y proyectos que debieran tener mayor an\u00e1lisis y participaci\u00f3n amplia de los sectores y &hellip;<\/p>\n","protected":false},"author":1,"featured_media":22350,"comment_status":"open","ping_status":"open","sticky":false,"template":"","format":"standard","meta":{"footnotes":""},"categories":[14,6],"tags":[303,956],"class_list":["post-22349","post","type-post","status-publish","format-standard","has-post-thumbnail","hentry","category-articulistas","category-ojo-avizor","tag-jose-neira-rey","tag-notas-al-margen"],"_links":{"self":[{"href":"https:\/\/contraluzcucuta.co\/index.php?rest_route=\/wp\/v2\/posts\/22349","targetHints":{"allow":["GET"]}}],"collection":[{"href":"https:\/\/contraluzcucuta.co\/index.php?rest_route=\/wp\/v2\/posts"}],"about":[{"href":"https:\/\/contraluzcucuta.co\/index.php?rest_route=\/wp\/v2\/types\/post"}],"author":[{"embeddable":true,"href":"https:\/\/contraluzcucuta.co\/index.php?rest_route=\/wp\/v2\/users\/1"}],"replies":[{"embeddable":true,"href":"https:\/\/contraluzcucuta.co\/index.php?rest_route=%2Fwp%2Fv2%2Fcomments&post=22349"}],"version-history":[{"count":1,"href":"https:\/\/contraluzcucuta.co\/index.php?rest_route=\/wp\/v2\/posts\/22349\/revisions"}],"predecessor-version":[{"id":22351,"href":"https:\/\/contraluzcucuta.co\/index.php?rest_route=\/wp\/v2\/posts\/22349\/revisions\/22351"}],"wp:featuredmedia":[{"embeddable":true,"href":"https:\/\/contraluzcucuta.co\/index.php?rest_route=\/wp\/v2\/media\/22350"}],"wp:attachment":[{"href":"https:\/\/contraluzcucuta.co\/index.php?rest_route=%2Fwp%2Fv2%2Fmedia&parent=22349"}],"wp:term":[{"taxonomy":"category","embeddable":true,"href":"https:\/\/contraluzcucuta.co\/index.php?rest_route=%2Fwp%2Fv2%2Fcategories&post=22349"},{"taxonomy":"post_tag","embeddable":true,"href":"https:\/\/contraluzcucuta.co\/index.php?rest_route=%2Fwp%2Fv2%2Ftags&post=22349"}],"curies":[{"name":"wp","href":"https:\/\/api.w.org\/{rel}","templated":true}]}}