{"id":22346,"date":"2014-08-22T19:07:23","date_gmt":"2014-08-23T00:07:23","guid":{"rendered":"http:\/\/contraluzcucuta.co\/?p=22346"},"modified":"2014-08-23T19:31:51","modified_gmt":"2014-08-24T00:31:51","slug":"concurso-de-fotografia-mis-primeros-pasos-aprendiendo-a-caminar","status":"publish","type":"post","link":"https:\/\/contraluzcucuta.co\/?p=22346","title":{"rendered":"CONCURSO DE FOTOGRAF\u00cdA. \u00a0\u2018Mis primeros pasos: aprendiendo a caminar\u2019"},"content":{"rendered":"<p>C\u00daCUTA.- Rub\u00e9n Alexis Paredes, estudiante de Comunicaci\u00f3n Social de la Universidad de Pamplona, ocup\u00f3 el segundo lugar en el concurso de fotograf\u00eda \u2018Ponle cara a la violencia armada\u2019. La organizaci\u00f3n de la actividad estuvo a cargo de La Red de Seguridad Humana para Am\u00e9rica Latina y el Caribe (SEHLAC), en coparticipaci\u00f3n con la campa\u00f1a \u2018Basta de balas\u2019, de Amnist\u00eda Internacional Venezuela<\/p>\n<p>El alumno del campus Villa del Rosario cumpli\u00f3 las pr\u00e1cticas profesionales en la Campa\u00f1a Colombiana Contra Minas, coordinaci\u00f3n de Norte de Santander. El convenio, firmado hace seis semestres, ha permitido que los pasantes de comunicaci\u00f3n social presten el servicio a esta causa y han destacado por el profesionalismo y la responsabilidad.<\/p>\n<p>El objetivo del proyecto fue visibilizar a las mujeres v\u00edctimas y las distintas formas en que sufren la violencia armada en el pa\u00eds. Rub\u00e9n Paredes obtuvo el segundo lugar la fotograf\u00eda \u2018Mis primeros pasos: aprendiendo a caminar de nuevo\u2019.<\/p>\n<p>La secuencia de tres im\u00e1genes retrata el momento en el que una mujer, por segunda ocasi\u00f3n en la vida, da los primeros pasos. Esta vez con las pr\u00f3tesis que hacen la funci\u00f3n de piernas. Perdi\u00f3 las extremidades luego de pisar una mina antipersonal.<\/p>\n<p>Paredes cont\u00f3 que en el paso por la academia el docente de fotograf\u00eda &#8220;nos ense\u00f1\u00f3 c\u00f3mo mostrar en un primer plano de la pr\u00f3tesis la alegr\u00eda y a la vez la dificultad de una v\u00edctima de la violencia. Dos perspectivas que capt\u00f3 con la lente de la c\u00e1mara.<\/p>\n<p>La vocaci\u00f3n al desarrollo y al servicio social que la universidad inculca motiv\u00f3 al estudiante a mostrar la realidad que a diario sufren mujeres en Colombia, como consecuencia de la oleada de violencia de m\u00e1s de 50 a\u00f1os.<\/p>\n<p>El esp\u00edritu de Paredes fue siempre recalcar el \u00e1nimo, las ganas y la voluntad que las v\u00edctimas, en especial las mujeres, ponen para superarse, adaptarse a nuevas oportunidades que contribuyan a mejorar la calidad de vida y cumplir un fin social en las comunidades.<\/p>\n<p>&#8220;El premio es simb\u00f3lico, fueron 50 d\u00f3lares. Lo que en realidad me importa, es la satisfacci\u00f3n que queda luego de cumplir un trabajo serio y mostrar una realidad m\u00e1s del pa\u00eds&#8221;, dijo Rub\u00e9n Alexis Paredes.<\/p>\n<p>&nbsp; <\/p>\n","protected":false},"excerpt":{"rendered":"<p>C\u00daCUTA.- Rub\u00e9n Alexis Paredes, estudiante de Comunicaci\u00f3n Social de la Universidad de Pamplona, ocup\u00f3 el segundo lugar en el concurso de fotograf\u00eda \u2018Ponle cara a la violencia armada\u2019. La organizaci\u00f3n de la actividad estuvo a cargo de La Red de Seguridad Humana para Am\u00e9rica Latina y el Caribe (SEHLAC), en coparticipaci\u00f3n con la campa\u00f1a \u2018Basta &hellip;<\/p>\n","protected":false},"author":1,"featured_media":22347,"comment_status":"open","ping_status":"open","sticky":false,"template":"","format":"standard","meta":{"footnotes":""},"categories":[74,45],"tags":[1603,161],"class_list":["post-22346","post","type-post","status-publish","format-standard","has-post-thumbnail","hentry","category-aula-universitaria","category-destacado","tag-sehlac","tag-universidad-de-pamplona"],"_links":{"self":[{"href":"https:\/\/contraluzcucuta.co\/index.php?rest_route=\/wp\/v2\/posts\/22346","targetHints":{"allow":["GET"]}}],"collection":[{"href":"https:\/\/contraluzcucuta.co\/index.php?rest_route=\/wp\/v2\/posts"}],"about":[{"href":"https:\/\/contraluzcucuta.co\/index.php?rest_route=\/wp\/v2\/types\/post"}],"author":[{"embeddable":true,"href":"https:\/\/contraluzcucuta.co\/index.php?rest_route=\/wp\/v2\/users\/1"}],"replies":[{"embeddable":true,"href":"https:\/\/contraluzcucuta.co\/index.php?rest_route=%2Fwp%2Fv2%2Fcomments&post=22346"}],"version-history":[{"count":1,"href":"https:\/\/contraluzcucuta.co\/index.php?rest_route=\/wp\/v2\/posts\/22346\/revisions"}],"predecessor-version":[{"id":22348,"href":"https:\/\/contraluzcucuta.co\/index.php?rest_route=\/wp\/v2\/posts\/22346\/revisions\/22348"}],"wp:featuredmedia":[{"embeddable":true,"href":"https:\/\/contraluzcucuta.co\/index.php?rest_route=\/wp\/v2\/media\/22347"}],"wp:attachment":[{"href":"https:\/\/contraluzcucuta.co\/index.php?rest_route=%2Fwp%2Fv2%2Fmedia&parent=22346"}],"wp:term":[{"taxonomy":"category","embeddable":true,"href":"https:\/\/contraluzcucuta.co\/index.php?rest_route=%2Fwp%2Fv2%2Fcategories&post=22346"},{"taxonomy":"post_tag","embeddable":true,"href":"https:\/\/contraluzcucuta.co\/index.php?rest_route=%2Fwp%2Fv2%2Ftags&post=22346"}],"curies":[{"name":"wp","href":"https:\/\/api.w.org\/{rel}","templated":true}]}}