{"id":22314,"date":"2014-08-19T20:11:21","date_gmt":"2014-08-20T01:11:21","guid":{"rendered":"http:\/\/contraluzcucuta.co\/?p=22314"},"modified":"2014-08-20T21:36:59","modified_gmt":"2014-08-21T02:36:59","slug":"fiesta-del-libro-homenaje-a-eduardo-cote-lamus","status":"publish","type":"post","link":"https:\/\/contraluzcucuta.co\/?p=22314","title":{"rendered":"FIESTA DEL LIBRO. Homenaje a Eduardo Cote Lamus"},"content":{"rendered":"<p><strong>C\u00daCUTA.-<\/strong> La d\u00e9cima versi\u00f3n de la Fiesta del Librode \u00a0C\u00facuta est\u00e1 y ser\u00e1 un homenaje al poeta nortesantandereano Eduardo Cote Lamus. \u00a0La programaci\u00f3n est\u00e1 repartida entre literatura, periodismo, academia, teatro, caricatura, \u00a0historia y m\u00fasica.<\/p>\n<p>Entre el primero y el 6 de septiembre se reunir\u00e1n en la capital del departamento 50 invitados, habr\u00e1 14 presentaciones de libros, los cucute\u00f1os podr\u00e1n asistir a 13 conversatorios, 5 conferencias y 6 recitales de poes\u00eda.<\/p>\n<p>Las actividades se complementar\u00e1n con 5 horas de lectura en voz alta, 18 talleres, la proyecci\u00f3n de 12 pel\u00edculas y la presentaci\u00f3n de 5 conciertos.<\/p>\n<p>Los periodistas invitados son:<\/p>\n<p><strong>1.- Le\u00f3n Valencia<\/strong><\/p>\n<p>Analista pol\u00edtico con amplia experiencia en temas de conflicto armado en Colombia. Es columnista titular de la revista Semana y ha escrito para Diners, Credencial, El Tiempo y El Colombiano. Su vida como escritor la ha dedicado a textos de corte pol\u00edtico. \u2018Adi\u00f3s a la pol\u00edtica, bienvenida la guerra\u2019 (2002) y \u2018Miserias de la guerra, esperanza de la paz\u2019, son algunos de los t\u00edtulos. Recientemente, present\u00f3 la segunda edici\u00f3n del libro \u2018Mis a\u00f1os de guerra\u2019, en el que cuenta las experiencias de vida en la etapa como militante del Eln.<\/p>\n<p><strong>2.- Salud Hern\u00e1ndez<\/strong><\/p>\n<p>Naci\u00f3 en Madrid (Espa\u00f1a). Estudi\u00f3 periodismo en la Universidad Complutense de la capital espa\u00f1ola y una maestr\u00eda de televisi\u00f3n en la New YorkUniversitycon una beca Fulbright. Comenz\u00f3 la labor profesional en una agencia de noticias y en una emisora de radio. Despu\u00e9s, trabaj\u00f3 en \u00e1reas de comunicaci\u00f3n en un partido pol\u00edtico, un grupo financiero y una multinacional.<\/p>\n<p>Un a\u00f1o m\u00e1s tarde comenz\u00f3 con El Mundo (Madrid) como corresponsal e inici\u00f3 la columna de opini\u00f3n en El Tiempo. Libros: \u2018Cr\u00f3nicas de un pa\u00eds incomprensible\u2019 (Intermedio); \u2018Columnas\u2019 (Intermedio), \u2018Lucho: Soy un polo a tierra\u2019 (Oveja Negra), \u2018Cr\u00f3nicas de la otra Colombia\u2019 (Random House). Este a\u00f1o public\u00f3 \u2018Acorralada\u2019 (Planeta), la primera novela de no-ficci\u00f3n.\u201d<\/p>\n<p><strong>3.- Juanita le\u00f3n<\/strong><\/p>\n<p>Abogada de la Universidad de los Andes de Bogot\u00e1, con maestr\u00eda en \u00a0periodismo de la Universidad de Columbia, en Nueva York. Comenz\u00f3 la carrera como periodista en el Wall Street Journal. Regres\u00f3 al pa\u00eds, en 1998, a cubrir el conflicto armado. Fue directora de Semana.com. y \u00a0profesora en la especializaci\u00f3n de periodismo de la Universidad de los Andes. Autora del libro \u2018No somos machos, pero somos muchos\u2019, cinco cr\u00f3nicas de resistencia civil en Colombia (2004)); editora y coautora del manual \u2018C\u00f3mo hacer periodismo\u2019 (2002), de la revista Semana, y editora de \u2018A\u00f1os de Fuego\u2019 (2001), antolog\u00eda de los mejores reportajes de la d\u00e9cada en Colombia. Es directora del portal La Silla Vac\u00eda.<\/p>\n<p><strong>4.- Mar\u00eda Elvira Bonilla<\/strong><\/p>\n<p>Periodista, editora y escritora. Estudi\u00f3 filosof\u00eda y letras en la Universidad de Los Andes y adelant\u00f3 cursos de especializaci\u00f3n en Literatura en la Universidad Central de Barcelona, en el New School for Social Researchen Nueva York y asisti\u00f3 al Stanford Publishing Coursefor Professionals en la Universidad de Stanford, en California.<\/p>\n<p>Form\u00f3 parte del equipo fundador de la Revista Semana y del Canal RCN, y creadora de la revista digital Kienyke.<\/p>\n<p>Ha sido directora del peri\u00f3dico El Espectador, de las revistas Cromos, Cambio 16, La Nota Econ\u00f3mica, la Revista del Domingo de El Espectador; codirectora del Noticiero Nacional y directora de Noticias del Canal RCN. Editora durante cinco a\u00f1os del departamento de libros de no-ficci\u00f3n de Editorial Norma. Ha sido consultora en comunicaciones para Unicef, BID y PNUD, y docente en la Universidad del Valle y la Universidad Javeriana.<\/p>\n<p><strong>5.- Guillermo Franco<\/strong><\/p>\n<p>Director del portal de noticias www.pulzo.com, adem\u00e1s es docente, consultor e investigador en temas web y periodismo digital.<\/p>\n<p><strong>6.- Alejandro Pino<\/strong><\/p>\n<p>Periodista y maestro en Estudios Culturales de la Universidad Javeriana (Bogot\u00e1). Ha trabajado en Diario Deportivo, la revista F\u00fatbol Total y el portal Futbolred. Ha escrito para Semana, Portafolio, Shock, Raz\u00f3n P\u00fablica, M2M y El Malpensante. Es director del portal Golcaracol.com, panelista de BluRadio y profesor de la Universidad Externado de Colombia.<\/p>\n<p><strong>7.- Adolfo Zableh<\/strong><\/p>\n<p>Periodista barranquillero con 17 a\u00f1os de experiencia en medios escritos impresos y virtuales. Estudi\u00f3 periodismo en la universidad Javeriana y ha trabajado como empleado de planta y como colaborador en Semana, El Tiempo, Terra, KienyKe, Futbolred, Diners, Credencial, Carrusel, Don Juan, Publimetro, Rolling Stone Latinoam\u00e9rica, Cartel Urbano, Enter, Caracol radio y SoHo, entre otros.<\/p>\n<p><strong>8.- Virginia Mayer<\/strong><\/p>\n<p>Naci\u00f3 en New Jersey, se cri\u00f3 en Montevideo, vivi\u00f3 en Nueva York y hace dos a\u00f1os volvi\u00f3 a Bogot\u00e1. Tiene un m\u00e1ster en escritura creativa con \u00e9nfasis en ficci\u00f3n de la universidad The New School, en Manhattan, NY, y un pregrado en lo mismo de SUNY Purchase College, en Nueva York. Estudi\u00f3 siete semestres de comunicaci\u00f3n social con \u00e9nfasis en radio en la Pontificia Universidad Javeriana de Bogot\u00e1.<\/p>\n<p>&nbsp; <\/p>\n","protected":false},"excerpt":{"rendered":"<p>C\u00daCUTA.- La d\u00e9cima versi\u00f3n de la Fiesta del Librode \u00a0C\u00facuta est\u00e1 y ser\u00e1 un homenaje al poeta nortesantandereano Eduardo Cote Lamus. \u00a0La programaci\u00f3n est\u00e1 repartida entre literatura, periodismo, academia, teatro, caricatura, \u00a0historia y m\u00fasica. Entre el primero y el 6 de septiembre se reunir\u00e1n en la capital del departamento 50 invitados, habr\u00e1 14 presentaciones de &hellip;<\/p>\n","protected":false},"author":1,"featured_media":22315,"comment_status":"open","ping_status":"open","sticky":false,"template":"","format":"standard","meta":{"footnotes":""},"categories":[45,4],"tags":[1593],"class_list":["post-22314","post","type-post","status-publish","format-standard","has-post-thumbnail","hentry","category-destacado","category-barra","tag-fiesta-del-libro-de-cucuta"],"_links":{"self":[{"href":"https:\/\/contraluzcucuta.co\/index.php?rest_route=\/wp\/v2\/posts\/22314","targetHints":{"allow":["GET"]}}],"collection":[{"href":"https:\/\/contraluzcucuta.co\/index.php?rest_route=\/wp\/v2\/posts"}],"about":[{"href":"https:\/\/contraluzcucuta.co\/index.php?rest_route=\/wp\/v2\/types\/post"}],"author":[{"embeddable":true,"href":"https:\/\/contraluzcucuta.co\/index.php?rest_route=\/wp\/v2\/users\/1"}],"replies":[{"embeddable":true,"href":"https:\/\/contraluzcucuta.co\/index.php?rest_route=%2Fwp%2Fv2%2Fcomments&post=22314"}],"version-history":[{"count":1,"href":"https:\/\/contraluzcucuta.co\/index.php?rest_route=\/wp\/v2\/posts\/22314\/revisions"}],"predecessor-version":[{"id":22316,"href":"https:\/\/contraluzcucuta.co\/index.php?rest_route=\/wp\/v2\/posts\/22314\/revisions\/22316"}],"wp:featuredmedia":[{"embeddable":true,"href":"https:\/\/contraluzcucuta.co\/index.php?rest_route=\/wp\/v2\/media\/22315"}],"wp:attachment":[{"href":"https:\/\/contraluzcucuta.co\/index.php?rest_route=%2Fwp%2Fv2%2Fmedia&parent=22314"}],"wp:term":[{"taxonomy":"category","embeddable":true,"href":"https:\/\/contraluzcucuta.co\/index.php?rest_route=%2Fwp%2Fv2%2Fcategories&post=22314"},{"taxonomy":"post_tag","embeddable":true,"href":"https:\/\/contraluzcucuta.co\/index.php?rest_route=%2Fwp%2Fv2%2Ftags&post=22314"}],"curies":[{"name":"wp","href":"https:\/\/api.w.org\/{rel}","templated":true}]}}