{"id":22311,"date":"2014-08-19T18:49:54","date_gmt":"2014-08-19T23:49:54","guid":{"rendered":"http:\/\/contraluzcucuta.co\/?p=22311"},"modified":"2014-08-20T21:13:44","modified_gmt":"2014-08-21T02:13:44","slug":"camara-de-comercio-carlos-luna-mostro-el-derrotero-para-la-region","status":"publish","type":"post","link":"https:\/\/contraluzcucuta.co\/?p=22311","title":{"rendered":"C\u00c1MARA DE COMERCIO. Carlos Luna mostr\u00f3 el derrotero para la regi\u00f3n"},"content":{"rendered":"<p><strong>C\u00daCUTA.-<\/strong> El nuevo presidente de la junta directiva de la C\u00e1mara de Comercio de C\u00facuta, Carlos Luna Romero, se reuni\u00f3\u00a0 con periodistas locales para informar sobre los principales asuntos regionales en los que trabaja la entidad.<\/p>\n<p>Entre los proyectos destac\u00f3 los siguientes:<\/p>\n<p>1.- Acueducto Metropolitano de C\u00facuta. Cuenta con apoyo de la C\u00e1mara de Comercio y que debe ser una realidad para garantizar el suministro de agua potable para los pr\u00f3ximos 50 a\u00f1os.<\/p>\n<p>2.- Proyecto Multiprop\u00f3sito El C\u00ednera. Esta semana habr\u00e1 una reuni\u00f3n con la Gobernaci\u00f3n para analizar los aspectos t\u00e9cnicos de ambos proyectos, pues el Acueducto Metropolitano ha tenido viabilidad para ejecutarse en una segunda etapa el embalse del C\u00ednera.<\/p>\n<p>3.-\u00a0Trasferencia de la propiedad de la Zona Franca de C\u00facuta a entidades regionales. La firma Ronderos &amp; C\u00e1rdenas Consultores entreg\u00f3, en d\u00edas pasados, el estudio sobre el Plan Estrat\u00e9gico para la Promoci\u00f3n la Zona Franca.<\/p>\n<p>4.- Comercio con Venezuela. Se logr\u00f3 la decisi\u00f3n pol\u00edtica de efectuar el pago con moneda local por medio de compensaci\u00f3n, y se espera que pronto el gobierno venezolano fije una tasa para la compensaci\u00f3n.<\/p>\n<p>5.- Cierre de la frontera en la noche. La medida extrema no es una soluci\u00f3n para acabar con el contrabando. Entorpece el libre desarrollo de la frontera y los resultados deben ser evaluados para saber qu\u00e9 tanto ha reducido el contrabando y el incremento de las ventas del comercio formal.<\/p>\n<p>6.- Expogesti\u00f3n Fronteras 2014. La C\u00e1mara de Comercio prepara el evento, que se cumplir\u00e1 en noviembre, con el objetivo de abrir di\u00e1logos para hablar de emprendimiento, innovaci\u00f3n y competitividad, y adelantar un foro con la participaci\u00f3n de conferenciantes nacionales e internacionales.<\/p>\n<p>7.- Refiner\u00eda de petr\u00f3leo en Norte de Santander. Se trabaja con la Gobernaci\u00f3n. La obra se ajustar\u00e1 a las necesidades y a la realidad de la regi\u00f3n. El proyecto tiene respaldo \u00a0del Ministerio de Minas y Ecopetrol.<\/p>\n<p>&nbsp; <\/p>\n","protected":false},"excerpt":{"rendered":"<p>C\u00daCUTA.- El nuevo presidente de la junta directiva de la C\u00e1mara de Comercio de C\u00facuta, Carlos Luna Romero, se reuni\u00f3\u00a0 con periodistas locales para informar sobre los principales asuntos regionales en los que trabaja la entidad. Entre los proyectos destac\u00f3 los siguientes: 1.- Acueducto Metropolitano de C\u00facuta. Cuenta con apoyo de la C\u00e1mara de Comercio &hellip;<\/p>\n","protected":false},"author":1,"featured_media":22312,"comment_status":"open","ping_status":"open","sticky":false,"template":"","format":"standard","meta":{"footnotes":""},"categories":[541,6],"tags":[375,1592],"class_list":["post-22311","post","type-post","status-publish","format-standard","has-post-thumbnail","hentry","category-ciudad","category-ojo-avizor","tag-camara-de-comercio-de-cucuta","tag-carlos-luna"],"_links":{"self":[{"href":"https:\/\/contraluzcucuta.co\/index.php?rest_route=\/wp\/v2\/posts\/22311","targetHints":{"allow":["GET"]}}],"collection":[{"href":"https:\/\/contraluzcucuta.co\/index.php?rest_route=\/wp\/v2\/posts"}],"about":[{"href":"https:\/\/contraluzcucuta.co\/index.php?rest_route=\/wp\/v2\/types\/post"}],"author":[{"embeddable":true,"href":"https:\/\/contraluzcucuta.co\/index.php?rest_route=\/wp\/v2\/users\/1"}],"replies":[{"embeddable":true,"href":"https:\/\/contraluzcucuta.co\/index.php?rest_route=%2Fwp%2Fv2%2Fcomments&post=22311"}],"version-history":[{"count":1,"href":"https:\/\/contraluzcucuta.co\/index.php?rest_route=\/wp\/v2\/posts\/22311\/revisions"}],"predecessor-version":[{"id":22313,"href":"https:\/\/contraluzcucuta.co\/index.php?rest_route=\/wp\/v2\/posts\/22311\/revisions\/22313"}],"wp:featuredmedia":[{"embeddable":true,"href":"https:\/\/contraluzcucuta.co\/index.php?rest_route=\/wp\/v2\/media\/22312"}],"wp:attachment":[{"href":"https:\/\/contraluzcucuta.co\/index.php?rest_route=%2Fwp%2Fv2%2Fmedia&parent=22311"}],"wp:term":[{"taxonomy":"category","embeddable":true,"href":"https:\/\/contraluzcucuta.co\/index.php?rest_route=%2Fwp%2Fv2%2Fcategories&post=22311"},{"taxonomy":"post_tag","embeddable":true,"href":"https:\/\/contraluzcucuta.co\/index.php?rest_route=%2Fwp%2Fv2%2Ftags&post=22311"}],"curies":[{"name":"wp","href":"https:\/\/api.w.org\/{rel}","templated":true}]}}