{"id":22286,"date":"2014-08-17T09:39:56","date_gmt":"2014-08-17T14:39:56","guid":{"rendered":"http:\/\/contraluzcucuta.co\/?p=22286"},"modified":"2014-08-19T19:02:13","modified_gmt":"2014-08-20T00:02:13","slug":"arboricidio-en-cucuta-por-que-peleo-por-el-pulmon-verde","status":"publish","type":"post","link":"https:\/\/contraluzcucuta.co\/?p=22286","title":{"rendered":"&#8216;ARBORICIDIO&#8217; EN C\u00daCUTA. \u00bfPor qu\u00e9 peleo por el pulm\u00f3n verde?"},"content":{"rendered":"<p><strong>C\u00daCUTA.-<\/strong> La gente me pregunta \u00bfpor qu\u00e9 peleo por el \u2018Pulm\u00f3n verde de C\u00facuta?. Pues bien, aqu\u00ed est\u00e1n mis puntos de vista.<\/p>\n<p>1.- No peleo por un campo de\u00a0golf. Lo hago por los \u00e1rboles, quieren eliminar m\u00e1s de 840, pero en realidad se van a eliminar, y seg\u00fan los inventarios, m\u00e1s de 5000 \u00a0de 30, 40 50 a\u00f1os y hasta m\u00e1s viejos, llenos de flora y fauna silvestre<\/p>\n<p>2.- Peleo por los animalitos, cantidades de iguanas, ardillas, lagartijas, nutrias, ardillas, b\u00fahos, garzas, gavilanes, peces menores, cientos de especies de aves que anidan o descansan en esa \u00e1rea y \u00bfqu\u00e9 decir de las plantas que esos hermosos arboles y terrenos tienen? L\u00edquenes, musgos, \u00a0y diversas clases de animales de menor tama\u00f1o. Todo esto reunido en un lote, como un ecosistema independiente de la ciudad con lagos llenos de agua (vida) as\u00ed sean artificiales, as\u00ed sean llenados con motobombas hace muchos a\u00f1os, pero existen y llenan de vida el lote.<\/p>\n<p>3.- Peleo por la movilidad en el sector, la afluencia de veh\u00edculos a este centro comercial va a ser, si se construye, alt\u00edsima, m\u00e1s contaminaci\u00f3n. No solo le quitan el pulm\u00f3n a la ciudad, sino que el medio ambiente se va a ver castigado con la contaminaci\u00f3n del CO2 de esos veh\u00edculos. Al quitar un bosque y construir una mole de cemento, se altera el ecosistema que est\u00e1 al alrededor. El cemento produce retenci\u00f3n de calor, las construcciones producen sombras, hay peligro de extinci\u00f3n de especies, animales muertos porque los pisan los carros, los que queden, pues durante la posible construcci\u00f3n habr\u00e1 tanto humo de las m\u00e1quinas, polvo, tierra, bulla (contaminaci\u00f3n auditiva), tanto tracto cami\u00f3n en la zona, que al fin van a deteriorar a\u00fan m\u00e1s la malla asf\u00e1ltica de la zona y no es que este muy bien que digamos, pero funciona.<\/p>\n<p>4.- Peleo porque los permisos y las licencias de urbanismo y de construcci\u00f3n fueron otorgadas sin el lleno de los requisitos. El permiso de tala que expidi\u00f3 Corponor tiene unos requisitos que quisieron ignorar para darle v\u00eda libre a la destrucci\u00f3n del Pulm\u00f3n Verde. \u00bfAcaso se les olvida qu\u00e9 pas\u00f3 con el Bosque Popular? \u00bfD\u00f3nde fueron plantados (si as\u00ed lo hicieron) los \u00e1rboles que all\u00ed eliminaron? Los vecinos del sector dicen que el calor subi\u00f3 en esa zona debido a la construcci\u00f3n de un almac\u00e9n, el cual, casualmente, es de la misma constructora que quiere eliminar dichos \u00e1rboles. Tambi\u00e9n recuerdo que cuando construyeron ese famoso almac\u00e9n la mano de obra fue tra\u00edda del interior del pa\u00eds. Ellos act\u00faan as\u00ed; por ejemplo, los vinilos de las latas que cercan el sector son tra\u00eddos e instalados por personal for\u00e1neo. Sabiendo que C\u00facuta hacemos esos mismos trabajos, prefieren traerlos del interior del pa\u00eds. \u00bfEse es el empleo que dicen que va a haber en C\u00facuta? \u00bfHace cu\u00e1nto no van a Rivers Plaza, Unicentro, Ventura Plaza? Entre semana no va nadie y en los fines de semana solo van ciertos personajes que gustan del aire acondicionado y el 90 por ciento son de la familia \u2018Miranda\u2019. Entonces, \u00bfnecesita C\u00facuta una mole de cemento al precio de eliminar un pulm\u00f3n verde?<\/p>\n<p>La idea es hacer un llamado de atenci\u00f3n a los medios de comunicaci\u00f3n nacionales, debido a que muchos de nuestra ciudad no quieren o no pueden tomar este caso period\u00edstico, debido a sus contratos y obligaciones contractuales con varios de las entidades que est\u00e1n encargadas de prestar atenta vigilancia con los recursos naturales.<\/p>\n<p>En varias ocasiones hemos salido a la batalla por radio y televisi\u00f3n, alguna vez por medio del diario local; sin embargo, la nota la hicieron como quisieron y el derecho a la r\u00e9plica fue muy pobre el espacio ofrecido para hacerlo.<\/p>\n<p>La pregunta es \u00bfa qu\u00e9 juegan las autoridades con nuestro medio ambiente? Aqu\u00ed van a talar miles de \u00e1rboles con benepl\u00e1cito de la Alcald\u00eda, el Concejo, Corponor y las \u2018ias\u2019. No solo van a ser m\u00e1s de 840 \u00e1rboles del espacio del centro comercial, cuando realmente urbanicen esa zona ser\u00e1n m\u00e1s de 5000 \u00e1rboles de 30 a 50 a\u00f1os y hasta m\u00e1s; adem\u00e1s de los 150 de la Avenida de los Faroles de C\u00facuta, sitio emblem\u00e1tico de la ciudad.<\/p>\n<p><strong>JAIME URIEL MEJIA ALVAREZ<\/strong><\/p>\n<p><strong>Veedor Ciudadano en temas de Movilidad y Ambiental<\/strong><\/p>\n<p><strong>Jefe de prensa Colectivo Pulmones Verdes.<\/strong><\/p>\n<p><strong><a href=\"mailto:jaurme@gmail.com\">jaurme@gmail.com<\/a><\/strong><\/p>\n<p>Foto: MARCO S\u00daA <\/p>\n","protected":false},"excerpt":{"rendered":"<p>C\u00daCUTA.- La gente me pregunta \u00bfpor qu\u00e9 peleo por el \u2018Pulm\u00f3n verde de C\u00facuta?. Pues bien, aqu\u00ed est\u00e1n mis puntos de vista. 1.- No peleo por un campo de\u00a0golf. Lo hago por los \u00e1rboles, quieren eliminar m\u00e1s de 840, pero en realidad se van a eliminar, y seg\u00fan los inventarios, m\u00e1s de 5000 \u00a0de 30, &hellip;<\/p>\n","protected":false},"author":1,"featured_media":22287,"comment_status":"open","ping_status":"open","sticky":false,"template":"","format":"standard","meta":{"footnotes":""},"categories":[36,347],"tags":[1583,992],"class_list":["post-22286","post","type-post","status-publish","format-standard","has-post-thumbnail","hentry","category-la-voz-del-pueblo","category-medio-ambiente","tag-pulmon-verde-de-cucuta","tag-tennis-park-plaza"],"_links":{"self":[{"href":"https:\/\/contraluzcucuta.co\/index.php?rest_route=\/wp\/v2\/posts\/22286","targetHints":{"allow":["GET"]}}],"collection":[{"href":"https:\/\/contraluzcucuta.co\/index.php?rest_route=\/wp\/v2\/posts"}],"about":[{"href":"https:\/\/contraluzcucuta.co\/index.php?rest_route=\/wp\/v2\/types\/post"}],"author":[{"embeddable":true,"href":"https:\/\/contraluzcucuta.co\/index.php?rest_route=\/wp\/v2\/users\/1"}],"replies":[{"embeddable":true,"href":"https:\/\/contraluzcucuta.co\/index.php?rest_route=%2Fwp%2Fv2%2Fcomments&post=22286"}],"version-history":[{"count":1,"href":"https:\/\/contraluzcucuta.co\/index.php?rest_route=\/wp\/v2\/posts\/22286\/revisions"}],"predecessor-version":[{"id":22288,"href":"https:\/\/contraluzcucuta.co\/index.php?rest_route=\/wp\/v2\/posts\/22286\/revisions\/22288"}],"wp:featuredmedia":[{"embeddable":true,"href":"https:\/\/contraluzcucuta.co\/index.php?rest_route=\/wp\/v2\/media\/22287"}],"wp:attachment":[{"href":"https:\/\/contraluzcucuta.co\/index.php?rest_route=%2Fwp%2Fv2%2Fmedia&parent=22286"}],"wp:term":[{"taxonomy":"category","embeddable":true,"href":"https:\/\/contraluzcucuta.co\/index.php?rest_route=%2Fwp%2Fv2%2Fcategories&post=22286"},{"taxonomy":"post_tag","embeddable":true,"href":"https:\/\/contraluzcucuta.co\/index.php?rest_route=%2Fwp%2Fv2%2Ftags&post=22286"}],"curies":[{"name":"wp","href":"https:\/\/api.w.org\/{rel}","templated":true}]}}