{"id":22279,"date":"2014-08-14T21:32:44","date_gmt":"2014-08-15T02:32:44","guid":{"rendered":"http:\/\/contraluzcucuta.co\/?p=22279"},"modified":"2014-08-17T18:20:03","modified_gmt":"2014-08-17T23:20:03","slug":"salud-infantil-cucuta-tendra-banco-de-leche-materna","status":"publish","type":"post","link":"https:\/\/contraluzcucuta.co\/?p=22279","title":{"rendered":"SALUD INFANTIL. C\u00facuta tendr\u00e1 \u2018banco de leche materna\u2019"},"content":{"rendered":"<p><strong>C\u00daCUTA.-<\/strong> Los ni\u00f1os reci\u00e9n nacidos y con problemas para recibir la leche materna tendr\u00e1n, dentro de poco tiempo, solucionado ese faltante del alimento humano. C\u00facuta ser\u00e1 la quinta ciudad en el pa\u00eds que cuente con \u2018banco de leche\u2019.<\/p>\n<p>El proyecto corresponde al Ministerio de Salud con cooperaci\u00f3n internacional de Brasil. Lo plantearon al Hospital Universitario Erasmo Meoz y la direcci\u00f3n del centro de atenci\u00f3n lo acogi\u00f3. La inversi\u00f3n llegar\u00e1 a los $ 250 millones.<\/p>\n<p>Los recursos est\u00e1n repartidos en $ 150 millones, correspondiente a la dotaci\u00f3n de equipos, los dona Brasil, y $ 100 millones, que saldr\u00e1n de las arcas departamentales. A mediados del 2015 se terminar\u00e1 la obra, pr\u00f3xima a comenzar.<\/p>\n<p>\u201cEl objetivo es suplir las necesidades de leche materna\u201d, explic\u00f3 Juan Agust\u00edn Ram\u00edrez, gerente del hospital. Sobre todo, la atenci\u00f3n se canalizar\u00e1 a los neonatales \u00a0en el \u00e1rea de cuidados intensivos. Luego, a los pacientes \u00a0en cuidados intermedios y despu\u00e9s a los prematuros.<\/p>\n<p>La idea es buscar en la ciudad donantes de leche materna. Las madres deber\u00e1n cumplir algunas especificaciones, que implican descartar enfermedades infectocontagiosas y otro tipo de infecciones. La intenci\u00f3n es \u201ctener un dep\u00f3sito para acceder a la leche humana materna\u201d, indic\u00f3 el m\u00e9dico Ram\u00edrez.<\/p>\n<p>El \u2018banco\u2019 funcionar\u00eda con las madres que se encuentran en el hospital. Los ni\u00f1os de cuidados intensivos como no pueden estar al lado de la mam\u00e1 durante las 24 horas, recibir\u00e1n el alimento donado.<\/p>\n<p>La leche extra\u00edda se conservar\u00e1 en un lugar acondicionado, con caracter\u00edsticas de asepsia y antisepsia y se les suministrar\u00e1 a los reci\u00e9n nacidos.<\/p>\n<p>En el mundo no hay un alimento industrializado que remplace la leche materna por las caracter\u00edsticas f\u00edsico-qu\u00edmicas y de defensa que se trasfieren. \u201cSe busca que los reci\u00e9n nacidos, en vez de ser alimentados con productos industriales, se les pueda dar esta leche humana\u201d, afirm\u00f3 el director del hospital.<\/p>\n<p>El proyecto implica la participaci\u00f3n de varias\u00a0 entidades nacionales, departamentales y municipales. \u201cEsperamos que a mediados de junio del a\u00f1o entrante est\u00e9 en funcionamiento\u201d.<\/p>\n<p>La agilidad para ejecutar los trabajos depende de la consecuci\u00f3n de recursos. \u201cNo ha sido f\u00e1cil para nosotros, dadas las condiciones econ\u00f3micas en las que encontramos el hospital. Poco a poco vamos a conseguir el dinero con la Gobernaci\u00f3n\u201d, concluy\u00f3 Juan Agust\u00edn Ram\u00edrez.<\/p>\n<p>Ser\u00e1 el primer \u2018banco de leche\u2019 en Norte de Santander y el \u00fanico. A pesar de que no es alta la inversi\u00f3n ser\u00e1 una obra de envergadura por el significado y por la log\u00edstica que hay que hacer para atraer a las madres al hospital y depositar la leche materna.<\/p>\n<p>Las otras ciudades colombianas en las que funcionan entidades de esta naturaleza son Bogot\u00e1, Neiva, Medell\u00edn y Barranquilla. La idea es expandir los bancos al resto del pa\u00eds.<\/p>\n<p><strong>RAFAEL ANTONIO PAB\u00d3N<\/strong><\/p>\n<p><strong><a href=\"mailto:rafaelpabon58@hotmail.com\">rafaelpabon58@hotmail.com<\/a><\/strong><\/p>\n<p>&nbsp; <\/p>\n","protected":false},"excerpt":{"rendered":"<p>C\u00daCUTA.- Los ni\u00f1os reci\u00e9n nacidos y con problemas para recibir la leche materna tendr\u00e1n, dentro de poco tiempo, solucionado ese faltante del alimento humano. C\u00facuta ser\u00e1 la quinta ciudad en el pa\u00eds que cuente con \u2018banco de leche\u2019. El proyecto corresponde al Ministerio de Salud con cooperaci\u00f3n internacional de Brasil. Lo plantearon al Hospital Universitario &hellip;<\/p>\n","protected":false},"author":1,"featured_media":22280,"comment_status":"open","ping_status":"open","sticky":false,"template":"","format":"standard","meta":{"footnotes":""},"categories":[541,45],"tags":[1578,1579,1580],"class_list":["post-22279","post","type-post","status-publish","format-standard","has-post-thumbnail","hentry","category-ciudad","category-destacado","tag-banco-de-leche-materna","tag-hospital-universitario-erasmo-meoz","tag-juan-agustin-ramirez"],"_links":{"self":[{"href":"https:\/\/contraluzcucuta.co\/index.php?rest_route=\/wp\/v2\/posts\/22279","targetHints":{"allow":["GET"]}}],"collection":[{"href":"https:\/\/contraluzcucuta.co\/index.php?rest_route=\/wp\/v2\/posts"}],"about":[{"href":"https:\/\/contraluzcucuta.co\/index.php?rest_route=\/wp\/v2\/types\/post"}],"author":[{"embeddable":true,"href":"https:\/\/contraluzcucuta.co\/index.php?rest_route=\/wp\/v2\/users\/1"}],"replies":[{"embeddable":true,"href":"https:\/\/contraluzcucuta.co\/index.php?rest_route=%2Fwp%2Fv2%2Fcomments&post=22279"}],"version-history":[{"count":1,"href":"https:\/\/contraluzcucuta.co\/index.php?rest_route=\/wp\/v2\/posts\/22279\/revisions"}],"predecessor-version":[{"id":22281,"href":"https:\/\/contraluzcucuta.co\/index.php?rest_route=\/wp\/v2\/posts\/22279\/revisions\/22281"}],"wp:featuredmedia":[{"embeddable":true,"href":"https:\/\/contraluzcucuta.co\/index.php?rest_route=\/wp\/v2\/media\/22280"}],"wp:attachment":[{"href":"https:\/\/contraluzcucuta.co\/index.php?rest_route=%2Fwp%2Fv2%2Fmedia&parent=22279"}],"wp:term":[{"taxonomy":"category","embeddable":true,"href":"https:\/\/contraluzcucuta.co\/index.php?rest_route=%2Fwp%2Fv2%2Fcategories&post=22279"},{"taxonomy":"post_tag","embeddable":true,"href":"https:\/\/contraluzcucuta.co\/index.php?rest_route=%2Fwp%2Fv2%2Ftags&post=22279"}],"curies":[{"name":"wp","href":"https:\/\/api.w.org\/{rel}","templated":true}]}}