{"id":22240,"date":"2014-08-10T17:11:56","date_gmt":"2014-08-10T22:11:56","guid":{"rendered":"http:\/\/contraluzcucuta.co\/?p=22240"},"modified":"2014-08-14T05:17:41","modified_gmt":"2014-08-14T10:17:41","slug":"notas-al-margen-es-la-hora-de-la-trasformacion-y-la-union","status":"publish","type":"post","link":"https:\/\/contraluzcucuta.co\/?p=22240","title":{"rendered":"NOTAS AL MARGEN. Es la hora de la trasformaci\u00f3n y la uni\u00f3n"},"content":{"rendered":"<p>1.- Entre nosotros, y sin que nadie diga nada, porque la indiferencia es lo predominante, siguen ocurriendo actitudes y conductas que en un pretendido penetrar sobre el meollo de los problemas, lo \u00fanico que cumplen es demostrar la inoperancia y la ausencia de directivos en los puestos de direcci\u00f3n y comando, como en las actividades que definen o precisan los servicios y ejercicios que se buscan solucionar.<\/p>\n<p>Y una demostraci\u00f3n de ese colapso es la Zona Franca de C\u00facuta, que se obtuvo con el concurso de muchos, demostr\u00e1ndose que era operable y\u00a0 que exist\u00edan intereses y empe\u00f1os para gestiones y tareas de orden mayor, como lo constataron los acercamientos\u00a0 y prop\u00f3sitos que animaron a Sidor y\u00a0 a las Acer\u00edas Venezolanas, como a representantes de la industria automotriz, cuando observaron y analizaron las ventajas y prerrogativas que exist\u00edan \u2013inicialmente para los mercados de Venezuela, Colombia y las Antillas- as\u00ed\u00a0 como opciones para el ensamble y el establecimiento de maquiladoras de m\u00faltiples productos, como comenzaba a cumplirse en la frontera mexicana.<\/p>\n<p>Todo lo anterior, sin olvidar lo que pod\u00eda cumplirse complementariamente con lo que se intenta con el petr\u00f3leo, el carb\u00f3n, la roca fosf\u00f3rica, los yesos y las arcillas, m\u00e1s los procesamientos agropecuarios y de aprovechamiento que otorgan las ventajas comparativas de una ubicaci\u00f3n geoestrat\u00e9gica, como la que define y determina la zona fronteriza colombo-venezolana, que no ha sido entendida, ni valorada en lo que representa como sitio y lugar para desarrollos integracionistas de alto contenido y perspectiva internacional.<\/p>\n<p>2.- Anotamos esto, porque supimos del nacimiento y de los primeros partos de este proyecto, convocando a los que pod\u00edan auxiliarnos con su voluntad y valoraci\u00f3n de realidades y\u00a0 sin que se cumplieran los sustentos, mediante contratos de asesor\u00eda millonarios, porque arrancamos en O y lo que se fue obteniendo en aportes y ayudas eran cantidades m\u00ednimas como lo pueden demostrar el Ministerio de Desarrollo, la Gobernaci\u00f3n y la Alcald\u00eda de C\u00facuta de entonces y los valores que recibieron los ingenieros y arquitectos \u00c1lvaro Riascos, \u00c1lvaro Salgar, Gaetano \u00cdtalo Alterio y Fernando Matamoros, entre otros, para elaborar los estudios de urbanismo y facilitaci\u00f3n arquitect\u00f3nica y t\u00e9cnica, que con los servicios infraestructurales y b\u00e1sicos, son necesarios para la presentaci\u00f3n de proyectos de esta envergadura y cuando a Barranquilla, Buenaventura, Cali,\u00a0 Cartagena y Santa Marta se les asist\u00eda con aportes significativos.<\/p>\n<p>3.- Esto, de contemplar ahora, que la Zona Franca no camina, que se la ha fraccionado al amparo de los gobiernos nacional, departamental y municipal, que no hay planes de promoci\u00f3n y desarrollo, porque no hay principios rectores y encomendados a miembros orientadores sobre lo que significa y representan la regi\u00f3n y la frontera, porque a nadie le duele este mecanismo de comercio exterior y por ello no se da paso a la creaci\u00f3n de una entidad operadora con\u00a0 cimiente y enjundia trasformadora y fronteriza, prefiri\u00e9ndose que el proyecto decaiga y se especule con la posible venta de los terrenos &#8211; que, entre otras, fui yo como gerente inicial quien los compr\u00f3 y que preve\u00edan hasta la conveniencia de congelar m\u00e1s \u00e1rea alrededor \u2013 estimando crecimientos- pero que luego se fueron vendiendo y urbanizando por los propietarios, hasta reducir el \u00e1rea a 44 hect\u00e1reas, luego a 24 &#8211; cuando se le cede a la Polic\u00eda el lote que estaba previsto para lo industrial y se entregan esas primordiales y fundamentales 20 hect\u00e1reas &#8211; as\u00ed como se intent\u00f3 dedicar parte de las \u00e1reas que restaban a la construcci\u00f3n de\u00a0 piscinas para los Juegos Nacionales y la reubicaci\u00f3n del Centro de Convenciones, que a gritos se pide, debe\u00a0 establecerse en las inmediaciones\u00a0 del Complejo Hist\u00f3rico de Villa del Rosario.<\/p>\n<p>Observar esa triste realidad de la Zona Franca y la del aeropuerto &#8211;\u00a0 que est\u00e1 a su lado &#8211; pero que no tiene tampoco bodegas, ni acomodamientos para movimientos internacionales, como lo reclama y exige, cuanto est\u00e1 aconteciendo y se suceder\u00e1 sin que las entidades rectoras y encargadas de la vivencia de lo p\u00fablico act\u00faen, como lo hicieron en los comienzos, desajusta y produce una sensaci\u00f3n de aislamiento y abandono que solo se mejorar\u00e1 cuando el empresariado regional y fronterizo \u2013 y la dirigencia en general &#8211; salgan y superen su marginalidad y se propongan aceptar el reto hacia el futuro, como es : hacer de la frontera una zona de incentivos, est\u00edmulos y mecanismos para la implementaci\u00f3n de parques industriales y tecnol\u00f3gicos compartidos o conjuntos, junto a una zona aduanera especial para el desarrollo de proyectos nacionales, binacionales o multilaterales, con lo cual esta frontera se trasformar\u00eda en la zona fronteriza m\u00e1s importante del Continente y la generadora de mayor empleo y\u00a0 de promedios industriales y empresariales. Si nos atrevi\u00e9ramos a pensar en grande y a comprometer a nuestros gobiernos en los principios y derroteros que fij\u00f3 el Libertador, desde los desarrollos del Congreso Constituyente de la Villa del Rosario en 1821, nuestra perspectiva y futuro ser\u00e1n de otras dimensiones y caracter\u00edsticas.<\/p>\n<p>Si no, seguiremos en las mismas y falseando la realidad, que puede otorgarnos un mejor porvenir y sin necesidad de contratar conceptos para que nos repitan lo que se ha hecho. Y sin que se aluda a lo que se debe hacer.<\/p>\n<p><strong>JOS\u00c9 NEIRA REY<\/strong><\/p>\n<p><strong><a href=\"mailto:jneirarey@hotmail.com\">jneirarey@hotmail.com<\/a><\/strong><\/p>\n<p><strong>Notas al margen<\/strong><\/p>\n<p><strong>\u00a0Foto: Firma Ronderos &amp; C\u00e1rdenas \u00a0 \u00a0 \u00a0 \u00a0 \u00a0 \u00a0 \u00a0\u00a0<\/strong> <\/p>\n","protected":false},"excerpt":{"rendered":"<p>1.- Entre nosotros, y sin que nadie diga nada, porque la indiferencia es lo predominante, siguen ocurriendo actitudes y conductas que en un pretendido penetrar sobre el meollo de los problemas, lo \u00fanico que cumplen es demostrar la inoperancia y la ausencia de directivos en los puestos de direcci\u00f3n y comando, como en las actividades &hellip;<\/p>\n","protected":false},"author":1,"featured_media":22241,"comment_status":"open","ping_status":"open","sticky":false,"template":"","format":"standard","meta":{"footnotes":""},"categories":[14,6],"tags":[303,956],"class_list":["post-22240","post","type-post","status-publish","format-standard","has-post-thumbnail","hentry","category-articulistas","category-ojo-avizor","tag-jose-neira-rey","tag-notas-al-margen"],"_links":{"self":[{"href":"https:\/\/contraluzcucuta.co\/index.php?rest_route=\/wp\/v2\/posts\/22240","targetHints":{"allow":["GET"]}}],"collection":[{"href":"https:\/\/contraluzcucuta.co\/index.php?rest_route=\/wp\/v2\/posts"}],"about":[{"href":"https:\/\/contraluzcucuta.co\/index.php?rest_route=\/wp\/v2\/types\/post"}],"author":[{"embeddable":true,"href":"https:\/\/contraluzcucuta.co\/index.php?rest_route=\/wp\/v2\/users\/1"}],"replies":[{"embeddable":true,"href":"https:\/\/contraluzcucuta.co\/index.php?rest_route=%2Fwp%2Fv2%2Fcomments&post=22240"}],"version-history":[{"count":1,"href":"https:\/\/contraluzcucuta.co\/index.php?rest_route=\/wp\/v2\/posts\/22240\/revisions"}],"predecessor-version":[{"id":22242,"href":"https:\/\/contraluzcucuta.co\/index.php?rest_route=\/wp\/v2\/posts\/22240\/revisions\/22242"}],"wp:featuredmedia":[{"embeddable":true,"href":"https:\/\/contraluzcucuta.co\/index.php?rest_route=\/wp\/v2\/media\/22241"}],"wp:attachment":[{"href":"https:\/\/contraluzcucuta.co\/index.php?rest_route=%2Fwp%2Fv2%2Fmedia&parent=22240"}],"wp:term":[{"taxonomy":"category","embeddable":true,"href":"https:\/\/contraluzcucuta.co\/index.php?rest_route=%2Fwp%2Fv2%2Fcategories&post=22240"},{"taxonomy":"post_tag","embeddable":true,"href":"https:\/\/contraluzcucuta.co\/index.php?rest_route=%2Fwp%2Fv2%2Ftags&post=22240"}],"curies":[{"name":"wp","href":"https:\/\/api.w.org\/{rel}","templated":true}]}}