{"id":22237,"date":"2014-08-10T16:26:49","date_gmt":"2014-08-10T21:26:49","guid":{"rendered":"http:\/\/contraluzcucuta.co\/?p=22237"},"modified":"2014-08-14T05:18:35","modified_gmt":"2014-08-14T10:18:35","slug":"rechazo-a-la-violencia-tibu-tierra-de-paz","status":"publish","type":"post","link":"https:\/\/contraluzcucuta.co\/?p=22237","title":{"rendered":"RECHAZO A LA VIOLENCIA. \u2018Tib\u00fa, tierra de paz\u2019"},"content":{"rendered":"<p><strong>TIB\u00da \u2013 Norte de Santander.-<\/strong> Nuevamente Tib\u00fa es blanco de ataques terroristas por parte de actores armados que delinquen en esta zona del pa\u00eds. Los m\u00e1s recientes ocurrieron la tarde del 8 de agosto. Tres explosiones interrumpieron la tranquilidad de los habitantes de la vereda P-30 y ocasionaron confusi\u00f3n y caos.<\/p>\n<p>La nueva alteraci\u00f3n del orden p\u00fablico en El Catatumbo afect\u00f3 directamente a la Empresa Colombiana de Petr\u00f3leos (Ecopetrol). Hombres armados atentaron contra el pozo Tib\u00fa-50. M\u00e1s tarde, llegaron a la estaci\u00f3n M-24 y volaron la zona de inyecci\u00f3n de agua y el \u00e1rea de tratamiento.<\/p>\n<p>El vicepresidente de la regi\u00f3n central de operaciones Nelson Casta\u00f1eda; el general de brigada Luis Felipe Montoya, comandante de la Fuerza Tarea Vulcano de la Segunda Divisi\u00f3n del Ej\u00e9rcito; el alcalde de Tib\u00fa, Gustavo Le\u00f3n Becerra, y miembros de la Uni\u00f3n Sindical Obrera (USO) se reunieron en privado y tomaron una hipot\u00e9tica soluci\u00f3n al problema.<\/p>\n<p>La decisi\u00f3n caus\u00f3 preocupaci\u00f3n entre habitantes, trabajadores y contratistas de Ecopetrol. Determinaron cancelar los contratos con las empresas que laboran en El Catatumbo y cerrar el campo petrolero.<\/p>\n<p>La \u00faltima opci\u00f3n preocupa a los sectores sociales y laborales tibuyanos, porque provocar\u00eda despidos masivos y\u00a0 la afectaci\u00f3n de 926\u00a0 empleos directos y m\u00e1s de 1200 indirectos, sin contar con los problemas sociales y econ\u00f3micos que se vendr\u00edan. Tib\u00fa dejar\u00eda de recibir el 40 por ciento de los ingresos por concepto de regal\u00edas, los cuales se entregan de manera directa por ser zona petrolera.<\/p>\n<p>Alexis Soto, V\u00edctor Rueda y otros l\u00edderes de la USO convocaron a los habitantes de Tib\u00fa y sectores formales del municipio para marchar de manera pac\u00edfica con camisetas blancas y pancartas alusivas a la paz. As\u00ed como se llev\u00f3 a cabo en Convenci\u00f3n en los \u00faltimos d\u00edas.<\/p>\n<p>El llamado fue bien recibido \u00a0y los tibuyanos salieron a las calles para rechazar:<\/p>\n<p>1.- Los atentados perpetrados en los \u00faltimos d\u00edas y que mantienen cerrado el campo petrolero<\/p>\n<p>2.- La notificaci\u00f3n y posible cierre el campo petrolero por parte de Ecopetrol<\/p>\n<p>3.- La cancelaci\u00f3n de los contratos a las empresas locales.<\/p>\n<p>El recorrido dur\u00f3 dos horas. Los manifestantes gritaron las consignas \u2018Tib\u00fa, tierra de paz\u2019, \u2018Tib\u00fa, vot\u00f3 por la paz, no por la violencia\u2019. Otros, ondeaban la bandera tricolor y exigieron que el pueblo sea sacado del conflicto.<\/p>\n<p>Al finalizar la marcha, Alexis Soto, vocero de la USO, dijo que \u201clas reuniones entre funcionarios de Ecopetrol provocaron que se diera esta movilizaci\u00f3n. Tib\u00fa depende de todo lo que tiene que ver con la actividad de hidrocarburos. Si Ecopetrol se va, el progreso de Tib\u00fa, la inversi\u00f3n, la responsabilidad social, la salud, la educaci\u00f3n y la recreaci\u00f3n quedar\u00e1n en veremos\u201d.<\/p>\n<p>El alcalde Gustavo Le\u00f3n Becerra apunt\u00f3 que \u201cnos solidarizamos con Ecopetrol, pues as\u00ed como lo daban a conocer en la rendici\u00f3n de cuentas en C\u00facuta, aspiran a subir de 3000 a 20.000 barriles de petr\u00f3leo diarios, eso implica ofrecer m\u00e1s empleo, progreso y la paz para nuestro municipio\u201d.<\/p>\n<p>En reciente comunicado, Ecopetrol afirm\u00f3 que se coordinan actividades para normalizar las operaciones a partir del lunes. Solicit\u00f3 a los trabajadores estar atentos sobre el estado de orden p\u00fablico en Tib\u00fa, las alteraciones que se registren en el \u00e1rea de influencia de la gerencia y el estado de las v\u00edas de la regi\u00f3n de El Catatumbo.<\/p>\n<p><strong>ELIBARDO LE\u00d3N ESTEVEZ<\/strong><\/p>\n<p><strong><a href=\"mailto:eleones89@hotmail.com\">eleones89@hotmail.com<\/a><\/strong><\/p>\n<p>&nbsp; <\/p>\n","protected":false},"excerpt":{"rendered":"<p>TIB\u00da \u2013 Norte de Santander.- Nuevamente Tib\u00fa es blanco de ataques terroristas por parte de actores armados que delinquen en esta zona del pa\u00eds. Los m\u00e1s recientes ocurrieron la tarde del 8 de agosto. Tres explosiones interrumpieron la tranquilidad de los habitantes de la vereda P-30 y ocasionaron confusi\u00f3n y caos. La nueva alteraci\u00f3n del &hellip;<\/p>\n","protected":false},"author":1,"featured_media":22238,"comment_status":"open","ping_status":"open","sticky":false,"template":"","format":"standard","meta":{"footnotes":""},"categories":[556,32],"tags":[710,1566],"class_list":["post-22237","post","type-post","status-publish","format-standard","has-post-thumbnail","hentry","category-departamento","category-recorrido-por-la-region","tag-crisis-en-el-catatumbo","tag-violencia-en-tibu"],"_links":{"self":[{"href":"https:\/\/contraluzcucuta.co\/index.php?rest_route=\/wp\/v2\/posts\/22237","targetHints":{"allow":["GET"]}}],"collection":[{"href":"https:\/\/contraluzcucuta.co\/index.php?rest_route=\/wp\/v2\/posts"}],"about":[{"href":"https:\/\/contraluzcucuta.co\/index.php?rest_route=\/wp\/v2\/types\/post"}],"author":[{"embeddable":true,"href":"https:\/\/contraluzcucuta.co\/index.php?rest_route=\/wp\/v2\/users\/1"}],"replies":[{"embeddable":true,"href":"https:\/\/contraluzcucuta.co\/index.php?rest_route=%2Fwp%2Fv2%2Fcomments&post=22237"}],"version-history":[{"count":1,"href":"https:\/\/contraluzcucuta.co\/index.php?rest_route=\/wp\/v2\/posts\/22237\/revisions"}],"predecessor-version":[{"id":22239,"href":"https:\/\/contraluzcucuta.co\/index.php?rest_route=\/wp\/v2\/posts\/22237\/revisions\/22239"}],"wp:featuredmedia":[{"embeddable":true,"href":"https:\/\/contraluzcucuta.co\/index.php?rest_route=\/wp\/v2\/media\/22238"}],"wp:attachment":[{"href":"https:\/\/contraluzcucuta.co\/index.php?rest_route=%2Fwp%2Fv2%2Fmedia&parent=22237"}],"wp:term":[{"taxonomy":"category","embeddable":true,"href":"https:\/\/contraluzcucuta.co\/index.php?rest_route=%2Fwp%2Fv2%2Fcategories&post=22237"},{"taxonomy":"post_tag","embeddable":true,"href":"https:\/\/contraluzcucuta.co\/index.php?rest_route=%2Fwp%2Fv2%2Ftags&post=22237"}],"curies":[{"name":"wp","href":"https:\/\/api.w.org\/{rel}","templated":true}]}}