{"id":22226,"date":"2014-08-07T15:57:30","date_gmt":"2014-08-07T20:57:30","guid":{"rendered":"http:\/\/contraluzcucuta.co\/?p=22226"},"modified":"2014-08-10T17:47:03","modified_gmt":"2014-08-10T22:47:03","slug":"opinion-colombia-pais-de-excluidos","status":"publish","type":"post","link":"https:\/\/contraluzcucuta.co\/?p=22226","title":{"rendered":"OPINI\u00d3N. Colombia: pa\u00eds de excluidos"},"content":{"rendered":"<p>He insistido desde estas columnas en que es urgente implementar una serie de pol\u00edticas p\u00fablicas que comiencen a cerrar la brecha abierta en nuestra sociedad, neg\u00e1ndole a grandes sectores poblacionales el acceso decoroso a servicios p\u00fablicos, salud, educaci\u00f3n, trabajo y vida digna. Pero tuvo que ser la presentaci\u00f3n del Informe Sobre Desarrollo Humano del Programa de Naciones Unidas para el Desarrollo (PNUD) el que vino a demostrar con datos taxativos\u00a0 nuestra penosa realidad, que acerca m\u00e1s a Colombia a los pa\u00edses empobrecidos del \u00c1frica y no como quisi\u00e9ramos,\u00a0 que nos acerc\u00e1ramos poco a poco\u00a0 a los pa\u00eds b\u00e1lticos, como Noruega y Suecia donde es un orgullo y una satisfacci\u00f3n pertenecer a la especie humana por el alto cubrimiento de las necesidades b\u00e1sicas satisfechas que presentan.<\/p>\n<p>El PNUD es una red mundial de la ONU en el campo del desarrollo, que promueve, estimula el cambio estructural y conecta a los pa\u00edses con los conocimientos, la experiencia y los recursos necesarios para ayudar a forjar una vida mejor. El PNUD que tiene su sede en Nueva York, pero\u00a0 cumple sus actividades por conducto de sus oficinas establecidas en m\u00e1s de 166 pa\u00edses, en cada uno de ellos trabaja con los gobiernos, instituciones de la sociedad civil, personas que cooperan y ayudan en la consolidaci\u00f3n de sus propias soluciones en los retos mundiales y nacionales de desarrollo.<\/p>\n<p>Es precisamente aqu\u00ed donde nace el Informe sobre Desarrollo Humano que exige una mirada cr\u00edtica a las instituciones de los gobiernos, para promover un mundo m\u00e1s justo e igualitario, exigiendo m\u00e1s transparencia con procesos claros en la rendici\u00f3n de cuentas,\u00a0 reafirmando y resaltando el papel veedor de la sociedad civil. En conclusi\u00f3n, buscan una protecci\u00f3n mayor para las familias y personas pobres y vulnerables del planeta en los distintos pa\u00edses que lo conforman.<\/p>\n<p>El Tiempo, en la edici\u00f3n del 25 de julio, public\u00f3 una sucinta, pero importante informaci\u00f3n del poco avance que tuvo nuestro pa\u00eds y que no logra ascender del lugar 98 donde qued\u00f3 en el \u00faltimo a\u00f1o. La inequidad es el gran lastre que impide el desarrollo arm\u00f3nico\u00a0 necesario que reclama a gritos la sociedad.<\/p>\n<p>Realmente, ocurre algo grave en la estructura social, pol\u00edtica y econ\u00f3mica de Colombia, porque es preocupante que seamos el pa\u00eds m\u00e1s desigual de Am\u00e9rica Latina. Compartimos ese deshonroso 98 lugar con nuestro vecino Ecuador, mientras naciones hermanas como Chile y Cuba van a la cabeza de Am\u00e9rica Latina, en los\u00a0 lugares 41 y 44, inmediatamente abajo se ubica la Argentina (49), Venezuela (67),\u00a0 Brasil \u00a0(79) y Per\u00fa (82).<\/p>\n<p>El desempe\u00f1o de Colombia es francamente preocupante porque, seg\u00fan Alfredo Gonz\u00e1lez,\u00a0 investigador del PNUD, \u201cen desigualdad, que es uno de los componentes del \u00edndice, Colombia disminuy\u00f3 en 26% entre el 2008 y el 2013\u201d, descendimos dos lugares por las profundas desigualdades que imperan en el pa\u00eds. El atraso centenario de\u00a0 la satisfacci\u00f3n de las\u00a0 necesidades b\u00e1sicas,\u00a0 nos pone cada vez m\u00e1s lejos de cumplir con los\u00a0 est\u00e1ndares exigidos\u00a0 por los referidos organismos internacionales, que plantean\u00a0 la necesidad\u00a0 de establecer compromisos inquebrantables del Gobierno, plasmados en planes y programas que lleven a la disminuci\u00f3n de la brecha.<\/p>\n<p>El inicio del segundo periodo del presidente Santos debe estar signado por un inaplazable compromiso de orientar los esfuerzos y el presupuesto nacional a la superaci\u00f3n de esta problem\u00e1tica. Los discursos de prometer soluciones sin que sean concretadas en hechos reales y tangibles producen malestar y desconfianza, y agravan la deteriorada situaci\u00f3n.<\/p>\n<p>Es preciso que el nuevo plan de desarrollo\u00a0 del presente gobierno dise\u00f1e con deleitaci\u00f3n de artista\u00a0 las estrategias\u00a0 que\u00a0 articulen las soluciones de los innumerables conflictos que en este momento tienen a significativos grupos de comunidades en pie de lucha, esperando respuestas a la soluci\u00f3n de las necesidades planteadas, las que deben ser programadas\u00a0 dentro de la construcci\u00f3n de estructuras de desarrollo integral, que las proyecte social, cultural y pol\u00edticamente en procesos participativos, corresponsables que las\u00a0 lleven paso a paso de manera mancomunada a la construcci\u00f3n de su propio desarrollo, dejando atr\u00e1s las soluciones puntuales que solo apagan los incendios del momento.<\/p>\n<p>Unas pol\u00edticas p\u00fablicas integrales\u00a0 de salud, educaci\u00f3n, trabajo digno con seguro de desempleo, protecci\u00f3n a la ni\u00f1ez y la vejez que nos acerque\u00a0 cada vez m\u00e1s al sue\u00f1o de vivir en mejores condiciones en Colombia y en esta forma dejemos de ser lo que hasta este momento somos, el pa\u00eds de mayor exclusi\u00f3n de Am\u00e9rica Latina<\/p>\n<p><strong>ALONSO OJEDA AWAD<\/strong><\/p>\n<p><strong>Ex\u00a0 embajador de Colombia<\/strong><\/p>\n<p><strong>Director programa Paz de la Universidad Pedag\u00f3gica Nacional<\/strong><\/p>\n<p><strong>\u00a0<\/strong> <\/p>\n","protected":false},"excerpt":{"rendered":"<p>He insistido desde estas columnas en que es urgente implementar una serie de pol\u00edticas p\u00fablicas que comiencen a cerrar la brecha abierta en nuestra sociedad, neg\u00e1ndole a grandes sectores poblacionales el acceso decoroso a servicios p\u00fablicos, salud, educaci\u00f3n, trabajo y vida digna. Pero tuvo que ser la presentaci\u00f3n del Informe Sobre Desarrollo Humano del Programa &hellip;<\/p>\n","protected":false},"author":1,"featured_media":22228,"comment_status":"open","ping_status":"open","sticky":false,"template":"","format":"standard","meta":{"footnotes":""},"categories":[14,36],"tags":[1004,1216],"class_list":["post-22226","post","type-post","status-publish","format-standard","has-post-thumbnail","hentry","category-articulistas","category-la-voz-del-pueblo","tag-alonso-ojeda-awad","tag-pnud"],"_links":{"self":[{"href":"https:\/\/contraluzcucuta.co\/index.php?rest_route=\/wp\/v2\/posts\/22226","targetHints":{"allow":["GET"]}}],"collection":[{"href":"https:\/\/contraluzcucuta.co\/index.php?rest_route=\/wp\/v2\/posts"}],"about":[{"href":"https:\/\/contraluzcucuta.co\/index.php?rest_route=\/wp\/v2\/types\/post"}],"author":[{"embeddable":true,"href":"https:\/\/contraluzcucuta.co\/index.php?rest_route=\/wp\/v2\/users\/1"}],"replies":[{"embeddable":true,"href":"https:\/\/contraluzcucuta.co\/index.php?rest_route=%2Fwp%2Fv2%2Fcomments&post=22226"}],"version-history":[{"count":1,"href":"https:\/\/contraluzcucuta.co\/index.php?rest_route=\/wp\/v2\/posts\/22226\/revisions"}],"predecessor-version":[{"id":22229,"href":"https:\/\/contraluzcucuta.co\/index.php?rest_route=\/wp\/v2\/posts\/22226\/revisions\/22229"}],"wp:featuredmedia":[{"embeddable":true,"href":"https:\/\/contraluzcucuta.co\/index.php?rest_route=\/wp\/v2\/media\/22228"}],"wp:attachment":[{"href":"https:\/\/contraluzcucuta.co\/index.php?rest_route=%2Fwp%2Fv2%2Fmedia&parent=22226"}],"wp:term":[{"taxonomy":"category","embeddable":true,"href":"https:\/\/contraluzcucuta.co\/index.php?rest_route=%2Fwp%2Fv2%2Fcategories&post=22226"},{"taxonomy":"post_tag","embeddable":true,"href":"https:\/\/contraluzcucuta.co\/index.php?rest_route=%2Fwp%2Fv2%2Ftags&post=22226"}],"curies":[{"name":"wp","href":"https:\/\/api.w.org\/{rel}","templated":true}]}}