{"id":22223,"date":"2014-08-07T12:09:09","date_gmt":"2014-08-07T17:09:09","guid":{"rendered":"http:\/\/contraluzcucuta.co\/?p=22223"},"modified":"2014-08-10T17:21:36","modified_gmt":"2014-08-10T22:21:36","slug":"regalo-ministerial-5440-tabletas-para-alumnos-de-los-patios-y-pamplona","status":"publish","type":"post","link":"https:\/\/contraluzcucuta.co\/?p=22223","title":{"rendered":"REGALO MINISTERIAL. 5440 tabletas para alumnos de Los Patios y Pamplona"},"content":{"rendered":"<p><strong>LOS PATIOS.-<\/strong> Norte de Santander tendr\u00e1 16.000 tabletas otorgadas por el Ministerio de las TIC para repartir en 25 municipios. Los favorecidos participaron en la convocatoria nacional. El objetivo es permitir a los estudiantes el acceso a las tecnolog\u00edas y no quedarse rezagados frente a otras regionales colombianas.<\/p>\n<p>En el departamento, cada vez m\u00e1s ni\u00f1os y j\u00f3venes de escasos recursos \u00a0tienen contacto con las herramientas digitales para facilitarles el proceso de ense\u00f1anza.<\/p>\n<p>El ministro Diego Molano Vega entreg\u00f3, el 6 de agosto, 5440 tabletas en Pamplona y Los Patios. De esta manera, los alumnos de diversos colegios podr\u00e1n afianzar los conocimientos tecnol\u00f3gicos y la construcci\u00f3n de un ambiente participativo.<\/p>\n<p>En la Ciudad Mitrada los favorecidos son los estudiantes de la instituci\u00f3n educativa San Francisco de As\u00eds, sede Gal\u00e1n. Inicialmente, se dieron para el uso de la comunidad educativa 570 tabletas. En total, en el municipio se otorgar\u00e1n 2660.<\/p>\n<p>La dotaci\u00f3n para el municipio comprende 3660 equipos, entre tabletas y computadores. La meta propuesta es generar una revoluci\u00f3n y trasformaci\u00f3n alrededor de las tecnolog\u00edas de la informaci\u00f3n y las comunicaciones.<\/p>\n<p>Norte de Santander ha sido uno de los departamentos abanderados en el proceso educativo alrededor de las TIC. El reto asumido es que en diciembre de 2015 la totalidad de los colegios y las instituciones tengan conectividad y un componente innovador e investigativo como eje principal de la educaci\u00f3n.<\/p>\n<p>Los equipos por s\u00ed solos no funcionan y se requieren de las competencias de docentes y padres de familia para darles buen uso. Del manejo adecuado depende incrementar la capacidad que tengan ni\u00f1os y j\u00f3venes para innovar, aprender, investigar y crear experiencias por medio de las redes sociales.<\/p>\n<p>El ministro Molano, en el Instituto T\u00e9cnico Municipal Los Patios, hizo un llamado a los alumnos para que estudien carreras afines a las tecnolog\u00edas de la informaci\u00f3n y las comunicaciones. Est\u00e1 demostrado que existe oferta laboral, pero poca gente para ocupar esos puestos.<\/p>\n<p>En el centro educativo entreg\u00f3 650 tabletas, de 2780 destinadas para Los Patios. La administraci\u00f3n departamental garantiz\u00f3 que las instituciones beneficiadas con las herramientas tendr\u00e1n conectividad para que los estudiantes puedan hacer mejor uso de los elementos recibidos.<\/p>\n<p>El acompa\u00f1amiento de la Gobernaci\u00f3n ha sido constante y ayud\u00f3 a estructurar las propuestas educativas por medio de las cuales los planteles escolares accedieron a las tabletas.<\/p>\n<p>Foto. Secretar\u00eda de Prensa &#8211; Gobernaci\u00f3n de Norte de Santander<\/p>\n<p>&nbsp; <\/p>\n","protected":false},"excerpt":{"rendered":"<p>LOS PATIOS.- Norte de Santander tendr\u00e1 16.000 tabletas otorgadas por el Ministerio de las TIC para repartir en 25 municipios. Los favorecidos participaron en la convocatoria nacional. El objetivo es permitir a los estudiantes el acceso a las tecnolog\u00edas y no quedarse rezagados frente a otras regionales colombianas. En el departamento, cada vez m\u00e1s ni\u00f1os &hellip;<\/p>\n","protected":false},"author":1,"featured_media":22224,"comment_status":"open","ping_status":"open","sticky":false,"template":"","format":"standard","meta":{"footnotes":""},"categories":[556,32],"tags":[1561,1562],"class_list":["post-22223","post","type-post","status-publish","format-standard","has-post-thumbnail","hentry","category-departamento","category-recorrido-por-la-region","tag-ministerio-de-las-tic","tag-ministro-diego-molano-vega"],"_links":{"self":[{"href":"https:\/\/contraluzcucuta.co\/index.php?rest_route=\/wp\/v2\/posts\/22223","targetHints":{"allow":["GET"]}}],"collection":[{"href":"https:\/\/contraluzcucuta.co\/index.php?rest_route=\/wp\/v2\/posts"}],"about":[{"href":"https:\/\/contraluzcucuta.co\/index.php?rest_route=\/wp\/v2\/types\/post"}],"author":[{"embeddable":true,"href":"https:\/\/contraluzcucuta.co\/index.php?rest_route=\/wp\/v2\/users\/1"}],"replies":[{"embeddable":true,"href":"https:\/\/contraluzcucuta.co\/index.php?rest_route=%2Fwp%2Fv2%2Fcomments&post=22223"}],"version-history":[{"count":1,"href":"https:\/\/contraluzcucuta.co\/index.php?rest_route=\/wp\/v2\/posts\/22223\/revisions"}],"predecessor-version":[{"id":22225,"href":"https:\/\/contraluzcucuta.co\/index.php?rest_route=\/wp\/v2\/posts\/22223\/revisions\/22225"}],"wp:featuredmedia":[{"embeddable":true,"href":"https:\/\/contraluzcucuta.co\/index.php?rest_route=\/wp\/v2\/media\/22224"}],"wp:attachment":[{"href":"https:\/\/contraluzcucuta.co\/index.php?rest_route=%2Fwp%2Fv2%2Fmedia&parent=22223"}],"wp:term":[{"taxonomy":"category","embeddable":true,"href":"https:\/\/contraluzcucuta.co\/index.php?rest_route=%2Fwp%2Fv2%2Fcategories&post=22223"},{"taxonomy":"post_tag","embeddable":true,"href":"https:\/\/contraluzcucuta.co\/index.php?rest_route=%2Fwp%2Fv2%2Ftags&post=22223"}],"curies":[{"name":"wp","href":"https:\/\/api.w.org\/{rel}","templated":true}]}}