{"id":22206,"date":"2014-08-05T21:52:16","date_gmt":"2014-08-06T02:52:16","guid":{"rendered":"http:\/\/contraluzcucuta.co\/?p=22206"},"modified":"2014-08-07T12:16:14","modified_gmt":"2014-08-07T17:16:14","slug":"planton-de-las-victimas-queremos-justicia-no-mas-impunidad","status":"publish","type":"post","link":"https:\/\/contraluzcucuta.co\/?p=22206","title":{"rendered":"PLANT\u00d3N DE LAS V\u00cdCTIMAS. \u201cQueremos justicia, no m\u00e1s impunidad\u201d"},"content":{"rendered":"<p><strong>C\u00daCUTA.-<\/strong> El primer martes de cada mes, los familiares de las v\u00edctimas de desaparici\u00f3n forzada en Norte de Santander saldr\u00e1n a las calles para reclamar respuestas por el paradero de esposos, padres, esposas, madres, hijos, sobrinos, nietos y hermanos que la guerra les arrebat\u00f3 del hogar.<\/p>\n<p>En el departamento, las cifras dan cuenta de 3000 casos denunciados en los \u00faltimos 15 a\u00f1os. De los despachos oficiales no salen voces de aliento para esas mujeres que viven con la esperanza de volver a ver a quien parti\u00f3 de casa y no ha regresado.<\/p>\n<p>\u201cQueremos justicia, queremos justicia\u201d, gritaron las decenas de desconsolados que caminaron por la avenida Gran Colombia y mostraron la foto con el rostro del familiar por el que claman hasta la perder la voz que \u201cvivos se los llevaron, vivos los queremos\u201d.<\/p>\n<p>Este plant\u00f3n, como quieren llamarlo, es la manera directa que tienen para \u201cexpresar el dolor, nuestra lucha y rechazo frente a la indolencia oficial, la injusticia y la impunidad\u201d, expresaron en el comunicado que repartieron en la marcha.<\/p>\n<p>\u201cQueremos que salgan de detr\u00e1s de los escritorios\u201d, les pidieron a los funcionarios de los despachos judiciales a los que acuden a diario para buscar una raz\u00f3n o un motivo de la desaparici\u00f3n de los familiares. \u201cLos desaparecidos tambi\u00e9n somos Colombia\u201d, repitieron hasta el cansancio.<\/p>\n<p>\u201cNo m\u00e1s impunidad\u201d, gritaron. \u201cQueremos verdad\u201d, insistieron. La respuesta, como cuando llegan a las oficinas fr\u00edas del Palacio de Justicia, fue el desaire estatal.<\/p>\n<p>Wilfredo Ca\u00f1izares, director de la fundaci\u00f3n Progresar, est\u00e1 al frente de los reclamos.<\/p>\n<p><strong>\u00bfCu\u00e1l es el objetivo de la jornada con v\u00edctimas frente al Palacio de Justicia?<\/strong><\/p>\n<p>Ante tanta injusticia y ante los escasos resultados que la Fiscal\u00eda ha entregado frente a los casos de desaparici\u00f3n forzada nos hemos visto en la obligaci\u00f3n de organizar, el primer martes de cada mes, un plant\u00f3n frente al Palacio de Justicia con el objetivo que los fiscales, la Fiscal\u00eda y el Estado oiga a los familiares de las v\u00edctimas y cada caso no se quede en la impunidad.<\/p>\n<p><strong>Se habla de 3000 casos en Norte de Santander \u00bfpocas soluciones?<\/strong><\/p>\n<p>Ninguna. Mil setecientos casos son los ocurridos en C\u00facuta Despu\u00e9s del 2005, no hay un solo caso esclarecido. La Fiscal\u00eda, los \u00fanicos resultados que tiene para mostrar son las confesiones de paramilitares que est\u00e1n presos. De resto no hay un solo caso esclarecido por parte de la Unidad de Desplazamiento y Desaparici\u00f3n Forzada.<\/p>\n<p><strong>\u00bfCon tantas v\u00edctimas en Norte de Santander se podr\u00eda pensar que un representante vaya a La Habana?<\/strong><\/p>\n<p>Ojal\u00e1, porque aqu\u00ed se encuentran v\u00edctimas de grupos paramilitares, de las bandas Urabe\u00f1os y Rastrojos, de la Fuerza P\u00fablica y de la guerrilla. Aqu\u00ed, los familiares de los desaparecidos han dado una lucha contra todos los grupos armados ilegales, contra la impunidad y la injustica, que amerita que puedan estar en Cuba.<\/p>\n<p><strong>\u00bfQu\u00e9 tanto efecto tienen estas marchas?<\/strong><\/p>\n<p>La idea es visibilizar el problema. Hemos estado en los \u00faltimos 10 o 15 a\u00f1os interponiendo recursos jur\u00eddicos a la Fiscal\u00eda, peor no ha habido poder humano que logre que los procesos judiciales avancen. Ahora, vamos a tomarnos las calles para que esta pr\u00e1ctica legal sea p\u00fablica.<\/p>\n<p><strong>\u00bfPor qu\u00e9 vienen m\u00e1s mujeres que hombres a una manifestaci\u00f3n como esta?<\/strong><\/p>\n<p>El 80 por ciento de los reclamantes al Estado frente a los cr\u00edmenes de grupos ilegales son mujeres. Las mujeres sufren por los familiares desaparecidos, los hijos, los esposos, los hermanos, los nietos, pero tambi\u00e9n son las que reclaman. Es el asunto de la mujer valerosa, la que todos los d\u00edas van a la Fiscal\u00eda para preguntar por su ser querido sin obtener respuesta.<\/p>\n<p><strong>RAFAEL ANTONIO PAB\u00d3N<\/strong><\/p>\n<p><strong><a href=\"mailto:rafaelpabon58@hotmail.com\">rafaelpabon58@hotmail.com<\/a><\/strong><\/p>\n<p>Foto. MARCO S\u00daA<\/p>\n<p>&nbsp; <\/p>\n","protected":false},"excerpt":{"rendered":"<p>C\u00daCUTA.- El primer martes de cada mes, los familiares de las v\u00edctimas de desaparici\u00f3n forzada en Norte de Santander saldr\u00e1n a las calles para reclamar respuestas por el paradero de esposos, padres, esposas, madres, hijos, sobrinos, nietos y hermanos que la guerra les arrebat\u00f3 del hogar. En el departamento, las cifras dan cuenta de 3000 &hellip;<\/p>\n","protected":false},"author":1,"featured_media":22207,"comment_status":"open","ping_status":"open","sticky":false,"template":"","format":"standard","meta":{"footnotes":""},"categories":[5,36],"tags":[1556],"class_list":["post-22206","post","type-post","status-publish","format-standard","has-post-thumbnail","hentry","category-justicia-transicional","category-la-voz-del-pueblo","tag-victimas-de-desplazamiento-forzado-en-norte-de-santander"],"_links":{"self":[{"href":"https:\/\/contraluzcucuta.co\/index.php?rest_route=\/wp\/v2\/posts\/22206","targetHints":{"allow":["GET"]}}],"collection":[{"href":"https:\/\/contraluzcucuta.co\/index.php?rest_route=\/wp\/v2\/posts"}],"about":[{"href":"https:\/\/contraluzcucuta.co\/index.php?rest_route=\/wp\/v2\/types\/post"}],"author":[{"embeddable":true,"href":"https:\/\/contraluzcucuta.co\/index.php?rest_route=\/wp\/v2\/users\/1"}],"replies":[{"embeddable":true,"href":"https:\/\/contraluzcucuta.co\/index.php?rest_route=%2Fwp%2Fv2%2Fcomments&post=22206"}],"version-history":[{"count":1,"href":"https:\/\/contraluzcucuta.co\/index.php?rest_route=\/wp\/v2\/posts\/22206\/revisions"}],"predecessor-version":[{"id":22208,"href":"https:\/\/contraluzcucuta.co\/index.php?rest_route=\/wp\/v2\/posts\/22206\/revisions\/22208"}],"wp:featuredmedia":[{"embeddable":true,"href":"https:\/\/contraluzcucuta.co\/index.php?rest_route=\/wp\/v2\/media\/22207"}],"wp:attachment":[{"href":"https:\/\/contraluzcucuta.co\/index.php?rest_route=%2Fwp%2Fv2%2Fmedia&parent=22206"}],"wp:term":[{"taxonomy":"category","embeddable":true,"href":"https:\/\/contraluzcucuta.co\/index.php?rest_route=%2Fwp%2Fv2%2Fcategories&post=22206"},{"taxonomy":"post_tag","embeddable":true,"href":"https:\/\/contraluzcucuta.co\/index.php?rest_route=%2Fwp%2Fv2%2Ftags&post=22206"}],"curies":[{"name":"wp","href":"https:\/\/api.w.org\/{rel}","templated":true}]}}