{"id":22202,"date":"2014-08-05T05:27:30","date_gmt":"2014-08-05T10:27:30","guid":{"rendered":"http:\/\/contraluzcucuta.co\/?p=22202"},"modified":"2014-08-07T11:10:27","modified_gmt":"2014-08-07T16:10:27","slug":"vientos-de-agosto-a-elevar-cometas-por-la-paz","status":"publish","type":"post","link":"https:\/\/contraluzcucuta.co\/?p=22202","title":{"rendered":"VIENTOS DE AGOSTO. A elevar cometas por la paz"},"content":{"rendered":"<p><strong>C\u00daCUTA.-<\/strong> M\u00e1s de 50 ni\u00f1os cucute\u00f1os participaron en el programa \u2018Elevar cometas por la paz\u2019, promovido por el Departamento Polic\u00eda Norte de Santander. En la sana competencia se premiaron las m\u00e1s grandes, las m\u00e1s novedosas, las m\u00e1s peque\u00f1as, entre otras categor\u00edas.<\/p>\n<p>El fin era reconocer el esfuerzo y entusiasmo de cada participante en la elaboraci\u00f3n de las cometas. Adem\u00e1s, recibieron refrigerios, canastas y premios sorpresa como est\u00edmulo al trabajo y la creatividad.<\/p>\n<p>Esto fue el inicio de la campa\u00f1a que promueve la instituci\u00f3n para garantizar que la temporada de cometas pueda ser disfrutada con tranquilidad por ni\u00f1os y amantes de la \u00e9poca de los vientos, y en sitios adecuados, sin riesgos de accidentes por descargas el\u00e9ctricas.<\/p>\n<p>\u201cPara esta temporada queremos evitar cualquier tipo de accidentes en los que se vean involucrados ni\u00f1os y adolescentes. Recomendamos elevar cometas en las zonas establecidas como seguras y en compa\u00f1\u00eda de adultos responsables\u201d, dijo el coronel Eli\u00e9cer Camacho, comandante del Departamento de Polic\u00eda Norte de Santander.<\/p>\n<p>Consejos para evitar accidentes en la temporada de cometas:<\/p>\n<p>1.- Disfrute esta actividad en espacios abiertos, nunca cerca de cables de tensi\u00f3n o tendidos el\u00e9ctricos.<\/p>\n<p>2.- Evite elevar cometas en balcones o terrazas.<\/p>\n<p>3.- Los materiales que puedan ser conductores de energ\u00eda no deben ser utilizados para armar cometas. El hilo de algod\u00f3n o la cabuya son los m\u00e1s adecuados para hacerlo.<\/p>\n<p>4.- Por ning\u00fan motivo intente subir a postes ni trate de bajar una cometa con palos, tubos met\u00e1licos u otros objetos.<\/p>\n<p>5.- Nunca se debe elevar cometa cuando llueve, porque aumenta el riesgo de electrocuci\u00f3n por descarga atmosf\u00e9rica y en las redes de energ\u00eda, por la humedad en los elementos que conforman la cometa.<\/p>\n<p>La Polic\u00eda Norte de Santander busca darle continuidad a la campa\u00f1a \u2018D\u00f3nde est\u00e1n sus hijos\u2019 e integrar a las familias en este per\u00edodo vacacional, compartir vivencias, evitar que los ni\u00f1os y los adolescentes caigan en la drogadicci\u00f3n y generar ambientes recreo-deportivos entre los habitantes del departamento.<\/p>\n<p>&nbsp; <\/p>\n","protected":false},"excerpt":{"rendered":"<p>C\u00daCUTA.- M\u00e1s de 50 ni\u00f1os cucute\u00f1os participaron en el programa \u2018Elevar cometas por la paz\u2019, promovido por el Departamento Polic\u00eda Norte de Santander. En la sana competencia se premiaron las m\u00e1s grandes, las m\u00e1s novedosas, las m\u00e1s peque\u00f1as, entre otras categor\u00edas. El fin era reconocer el esfuerzo y entusiasmo de cada participante en la elaboraci\u00f3n &hellip;<\/p>\n","protected":false},"author":1,"featured_media":22203,"comment_status":"open","ping_status":"open","sticky":false,"template":"","format":"standard","meta":{"footnotes":""},"categories":[541,45],"tags":[1555,716,1554],"class_list":["post-22202","post","type-post","status-publish","format-standard","has-post-thumbnail","hentry","category-ciudad","category-destacado","tag-cometas","tag-policia-norte-de-santander","tag-vientos-de-agosto"],"_links":{"self":[{"href":"https:\/\/contraluzcucuta.co\/index.php?rest_route=\/wp\/v2\/posts\/22202","targetHints":{"allow":["GET"]}}],"collection":[{"href":"https:\/\/contraluzcucuta.co\/index.php?rest_route=\/wp\/v2\/posts"}],"about":[{"href":"https:\/\/contraluzcucuta.co\/index.php?rest_route=\/wp\/v2\/types\/post"}],"author":[{"embeddable":true,"href":"https:\/\/contraluzcucuta.co\/index.php?rest_route=\/wp\/v2\/users\/1"}],"replies":[{"embeddable":true,"href":"https:\/\/contraluzcucuta.co\/index.php?rest_route=%2Fwp%2Fv2%2Fcomments&post=22202"}],"version-history":[{"count":1,"href":"https:\/\/contraluzcucuta.co\/index.php?rest_route=\/wp\/v2\/posts\/22202\/revisions"}],"predecessor-version":[{"id":22204,"href":"https:\/\/contraluzcucuta.co\/index.php?rest_route=\/wp\/v2\/posts\/22202\/revisions\/22204"}],"wp:featuredmedia":[{"embeddable":true,"href":"https:\/\/contraluzcucuta.co\/index.php?rest_route=\/wp\/v2\/media\/22203"}],"wp:attachment":[{"href":"https:\/\/contraluzcucuta.co\/index.php?rest_route=%2Fwp%2Fv2%2Fmedia&parent=22202"}],"wp:term":[{"taxonomy":"category","embeddable":true,"href":"https:\/\/contraluzcucuta.co\/index.php?rest_route=%2Fwp%2Fv2%2Fcategories&post=22202"},{"taxonomy":"post_tag","embeddable":true,"href":"https:\/\/contraluzcucuta.co\/index.php?rest_route=%2Fwp%2Fv2%2Ftags&post=22202"}],"curies":[{"name":"wp","href":"https:\/\/api.w.org\/{rel}","templated":true}]}}