{"id":22158,"date":"2014-08-03T17:44:08","date_gmt":"2014-08-03T22:44:08","guid":{"rendered":"http:\/\/contraluzcucuta.co\/?p=22158"},"modified":"2014-08-07T07:15:01","modified_gmt":"2014-08-07T12:15:01","slug":"ordenacion-sacerdotal-todavia-han-gente-que-estudia-para-cura","status":"publish","type":"post","link":"https:\/\/contraluzcucuta.co\/?p=22158","title":{"rendered":"ORDENACI\u00d3N SACERDOTAL. \u201c\u00bfTodav\u00eda hay gente que estudia para cura?\u201d"},"content":{"rendered":"<p>&nbsp;<\/p>\n<p><b>C\u00daCUTA.-<\/b> \u201c\u00bfTodav\u00eda han gente que estudia para cura?\u201d, la pregunta la hizo el transe\u00fante sorprendido por la procesi\u00f3n que ingresaba a la Catedral de San Jos\u00e9, luego de darle la vuelta al parque Santander, sin importar el calor cucute\u00f1o del viernes, a las 9:00 de la ma\u00f1ana.<\/p>\n<p>La mayor\u00eda de los sacerdotes pertenecientes a la Di\u00f3cesis de C\u00facuta, vestidos de blanco y en dos filas; los estudiantes del Seminario Mayor, entre fil\u00f3sofos y te\u00f3logos; los di\u00e1conos que recibir\u00edan la orden sacerdotal minutos despu\u00e9s, y monse\u00f1or Julio C\u00e9sar Vidal, que reparti\u00f3 bendiciones a diestra y siniestra, caminaron alegres mientras curiosos, feligreses y creyentes admiraban el cortejo diocesano.<\/p>\n<p>La respuesta a la pregunta del inquisidor parroquiano la dieron varios j\u00f3venes, que llevaron escrito en el espaldar de la franela y con letras amarillas la leyenda \u201cOremos por las vocaciones\u201d. Las lecturas de la liturgia del d\u00eda corroboraron la petici\u00f3n.<\/p>\n<p>La iglesia mayor se colm\u00f3 de cat\u00f3licos que no quer\u00edan perderse la ceremonia. No todos los d\u00edas se ordenan ocho sacerdotes, menos en estos d\u00edas de cr\u00edticas a los curas, de acusaciones a la instituci\u00f3n y de aparici\u00f3n de otros credos.<\/p>\n<p>Allegados a los nuevos presb\u00edteros, amigos y vecinos de los familiares llegaron temprano para agarrar buen puesto. La ubicaci\u00f3n les permitir\u00eda observar cada momento del acto y tener la mejor vista para guardarla en la mente como anta\u00f1o se coleccionaban en \u00e1lbumes las postales.<\/p>\n<p>Un sacerdote mayor present\u00f3 ante monse\u00f1or Vidal Ortiz a los candidatos a ordenarse y dio las mejores recomendaciones para que los aceptaran en el grupo diocesano. \u201cPresente\u201d, respondi\u00f3 cada uno, con voz fuerte y seguro del valor de esa expresi\u00f3n.<\/p>\n<p>\u201cLa Iglesia se llena de inmensa alegr\u00eda\u201d con la graduaci\u00f3n, dijo el Obispo. Y les adelant\u00f3 a los feligreses que en el 2016 la Di\u00f3cesis de C\u00facuta cumplir\u00e1 60 a\u00f1os, por lo que se prepara el primer s\u00ednodo para conmemorar ese momento que la historia le regal\u00f3 a monse\u00f1or Luis P\u00e9rez Hern\u00e1ndez.<\/p>\n<p>Los di\u00e1conos salieron de varias parroquias correspondientes a la Di\u00f3cesis. All\u00e1, cada uno en su lugar, recibi\u00f3 el llamado en diferentes momentos. Desde el hogar hasta los p\u00e1rrocos intervinieron en la formaci\u00f3n de los j\u00f3venes. Ocho a\u00f1os pasaron desde el ingreso al seminario hasta este d\u00eda de la culminaci\u00f3n del sue\u00f1o.<\/p>\n<p>\u201cDios llama a qui\u00e9n quiere\u201d, dijo monse\u00f1or Julio C\u00e9sar Vidal y remarc\u00f3 que \u201cel llamado exige una respuesta libre\u201d por parte del candidato. Para alcanzar el ministerio deben superarse otras etapas, m\u00e1s all\u00e1 de la preparaci\u00f3n en las aulas de clase.<\/p>\n<p>El Obispo recibe la carta de solicitud, el seminario env\u00eda el informe correspondiente a la parte acad\u00e9mica y vocacional, la comunidad da fe de los buenos actos del muchacho y el p\u00e1rroco certifica que de verdad est\u00e1 listo para vestir la sotana.<\/p>\n<p>Cumplidos esos requisitos \u201cesta criatura insignificante, este gusanillo de la tierra, es trasformado en otro Cristo\u201d, explic\u00f3 monse\u00f1or Vidal. De ah\u00ed en adelante, el sacerdote debe ponerse al servicio de la comunidad, especialmente de los necesitados.<\/p>\n<p>Adquieren el siguiente compromiso que no es otro que el de cultivar el don recibido mediante la oraci\u00f3n, el estudio de la Palabra y la entrega a los dem\u00e1s \u201csin buscar dinero, comodidad o reconocimientos\u201d. Esta orden la recibieron Saddy Oviedo, Wilson Alba, Carlos Escalante, Wilson Montes, Fabi\u00e1n Pacheco, V\u00edctor Rojas y Jaime Aparicio.<\/p>\n<p>Monse\u00f1or Julio C\u00e9sar Vidal tambi\u00e9n envi\u00f3 a dos sacerdotes a misi\u00f3n a Pinar del R\u00edo (Cuba). Los elegidos son Enrique Sequeda y Wilman Paredes, presb\u00edteros de esta Iglesia Particular, \u201ccaracterizados por el dinamismo, el desprendimiento, la generosidad y el trabajo eficaz.<\/p>\n<p>Al t\u00e9rmino de la ceremonia los reci\u00e9n ordenados recibieron la aprobaci\u00f3n de los fieles que los aplaudieron en se\u00f1al de respaldo. As\u00ed, se respondi\u00f3 a la inquietud del hombre que a la entrada de la Catedral pregunt\u00f3 si todav\u00eda los j\u00f3venes prefieren los h\u00e1bitos a la vida mundana.<\/p>\n<p><b>RAFAEL ANTONIO PAB\u00d3N<\/b><\/p>\n<p><a href=\"mailto:rafaelpabon58@hotmail.com\"><b>rafaelpabon58@hotmail.com<\/b><\/a><b><\/b><\/p>\n<p><b>\u00a0Foto. DI\u00d3CESIS DE C\u00daCUTA \u00a0\u00a0<\/b> <\/p>\n","protected":false},"excerpt":{"rendered":"<p>&nbsp; C\u00daCUTA.- \u201c\u00bfTodav\u00eda han gente que estudia para cura?\u201d, la pregunta la hizo el transe\u00fante sorprendido por la procesi\u00f3n que ingresaba a la Catedral de San Jos\u00e9, luego de darle la vuelta al parque Santander, sin importar el calor cucute\u00f1o del viernes, a las 9:00 de la ma\u00f1ana. La mayor\u00eda de los sacerdotes pertenecientes a &hellip;<\/p>\n","protected":false},"author":1,"featured_media":22159,"comment_status":"open","ping_status":"open","sticky":false,"template":"","format":"standard","meta":{"footnotes":""},"categories":[7,10,36],"tags":[1547,8,1546],"class_list":["post-22158","post","type-post","status-publish","format-standard","has-post-thumbnail","hentry","category-acontecimientos","category-cronicas","category-la-voz-del-pueblo","tag-catedral-de-san-jose","tag-diocesis-de-cucuta","tag-ordenacion-sacerdotal"],"_links":{"self":[{"href":"https:\/\/contraluzcucuta.co\/index.php?rest_route=\/wp\/v2\/posts\/22158","targetHints":{"allow":["GET"]}}],"collection":[{"href":"https:\/\/contraluzcucuta.co\/index.php?rest_route=\/wp\/v2\/posts"}],"about":[{"href":"https:\/\/contraluzcucuta.co\/index.php?rest_route=\/wp\/v2\/types\/post"}],"author":[{"embeddable":true,"href":"https:\/\/contraluzcucuta.co\/index.php?rest_route=\/wp\/v2\/users\/1"}],"replies":[{"embeddable":true,"href":"https:\/\/contraluzcucuta.co\/index.php?rest_route=%2Fwp%2Fv2%2Fcomments&post=22158"}],"version-history":[{"count":2,"href":"https:\/\/contraluzcucuta.co\/index.php?rest_route=\/wp\/v2\/posts\/22158\/revisions"}],"predecessor-version":[{"id":22164,"href":"https:\/\/contraluzcucuta.co\/index.php?rest_route=\/wp\/v2\/posts\/22158\/revisions\/22164"}],"wp:featuredmedia":[{"embeddable":true,"href":"https:\/\/contraluzcucuta.co\/index.php?rest_route=\/wp\/v2\/media\/22159"}],"wp:attachment":[{"href":"https:\/\/contraluzcucuta.co\/index.php?rest_route=%2Fwp%2Fv2%2Fmedia&parent=22158"}],"wp:term":[{"taxonomy":"category","embeddable":true,"href":"https:\/\/contraluzcucuta.co\/index.php?rest_route=%2Fwp%2Fv2%2Fcategories&post=22158"},{"taxonomy":"post_tag","embeddable":true,"href":"https:\/\/contraluzcucuta.co\/index.php?rest_route=%2Fwp%2Fv2%2Ftags&post=22158"}],"curies":[{"name":"wp","href":"https:\/\/api.w.org\/{rel}","templated":true}]}}