{"id":22152,"date":"2014-08-03T16:49:17","date_gmt":"2014-08-03T21:49:17","guid":{"rendered":"http:\/\/contraluzcucuta.co\/?p=22152"},"modified":"2014-08-05T18:57:50","modified_gmt":"2014-08-05T23:57:50","slug":"foro-definicion-de-visiones-subregionales","status":"publish","type":"post","link":"https:\/\/contraluzcucuta.co\/?p=22152","title":{"rendered":"FORO. \u2018Definici\u00f3n de visiones subregionales\u2019"},"content":{"rendered":"<p><b style=\"line-height: 1.5em;\">C\u00daCUTA.-<\/b><span style=\"line-height: 1.5em;\"> Si los nortesantandereanos deciden hacia d\u00f3nde quieren ir, quien venga del orden nacional, departamental y municipal a tratar de ir en contrav\u00eda de esos prop\u00f3sitos, se estrellar\u00e1 contra una institucionalidad fortalecida. As\u00ed lo dijo el secretario de planeaci\u00f3n Cristian Buitrago, en la instalaci\u00f3n del foro \u2018Definici\u00f3n de visiones subregionales\u2019.<\/span><\/p>\n<p>En la actividad participaron 300 representantes de la institucionalidad y la sociedad civil de 27 municipios de Norte de Santander. \u201cTambi\u00e9n, debemos darnos el permiso de equivocarnos, porque muchas veces dejamos de so\u00f1ar o se frustran los procesos por el temor a equivocarnos\u201d.<\/p>\n<p>El foro fue organizado por la Corporaci\u00f3n Nueva Sociedad de la Regi\u00f3n Nororiental de Colombia (Consornoc), la Gobernaci\u00f3n \u00a0y el Plan Fronteras para la Prosperidad del Ministerio de Relaciones Exteriores, con apoyo de la Uni\u00f3n Europea y el Departamento para la Prosperidad Social.<\/p>\n<p>\u201cHoy, siento que se hace realidad un sue\u00f1o, el de la construcci\u00f3n colectiva desde la perspectiva de las visiones subregionales de desarrollo\u201d, asegur\u00f3 Buitrago. Las subregiones son las siguientes:<\/p>\n<p>1.- SurOccidental. Pamplona, Silos, C\u00e1cota, Mutiscua y Chitag\u00e1.<\/p>\n<p>2.- SurOriental. Chin\u00e1cota, Ragonvalia, Herr\u00e1n, Bochalema y Toledo.<\/p>\n<p>3.- Oriental y Norte. C\u00facuta (comunas 6, 7 y 8) y Sardinata.<\/p>\n<p>4.- Occidental. Oca\u00f1a, \u00c1brego y La Playa.<\/p>\n<p>La visi\u00f3n prospectiva la defini\u00f3 con una frase de Woody Allen: \u2018Me interesa el futuro, porque es el lugar en el que vivir\u00e9 el resto de mi vida\u2019. Y explic\u00f3 que cada cual tiene la obligaci\u00f3n de identificar hacia d\u00f3nde quiere dirigirse. \u201cUna persona o una instituci\u00f3n sin visi\u00f3n no tiene un derrotero claro ni un camino para seguir y alcanzar el prop\u00f3sito definido\u201d.<\/p>\n<p>Buitrago apel\u00f3 a dos dichos populares para reiterar en el mensaje y hacerse entender. \u2018Qui\u00e9n no sabe para d\u00f3nde va, todos los buses le sirven\u2019 y \u2018Al que nada le apunta a nada le pega\u2019. \u201cEn los procesos de planificaci\u00f3n somos dados a\u00a0 querer ver las obras terminadas para hacer las enumeraciones y mostrar la capacidad de gesti\u00f3n que hemos hecho\u201d.<\/p>\n<p>El desarrollo social y econ\u00f3mico de los nortesantandereanos ser\u00e1 una realidad en la medida en que entiendan que nadie llegar\u00e1 de afuera a generarlos y a decirles que deben hacer. \u201cDebemos empu\u00f1ar las banderas de la identificaci\u00f3n desde las potencialidades que tenemos para sacarlo adelante\u201d.<\/p>\n<p>La construcci\u00f3n del sue\u00f1o colectivo y su permanencia depende de la participaci\u00f3n ciudadana. En la medida en que defiendan al un\u00edsono las prioridades, no depende del ejercicio transitorio del poder en cabeza de unos cuantos gobernantes, trasciende a los gobernantes que deben estar en estos lugares para atender nuestro porp\u00f3sito, el que hemos definido, porque somos nostros como ciudadanos los garantes d ela permanencia en la ejecutoria de las pol\u00edticas p\u00fablkicas que garanticen la buena inversi\u00f3n.<\/p>\n<p>Adem\u00e1s del secretario de Planeaci\u00f3n, intervinieron el asesor nacional del Plan Fronteras para la Prosperidad, V\u00edctor Bautista; el director ejecutivo de Consornoc, Juan Carlos Rodr\u00edguez, y el director ejecutivo de la Asociaci\u00f3n de Municipios del Catatumbo, Provincia de Oca\u00f1a y Sur del Cesar, Emiro Ca\u00f1izares.<\/p>\n<p>En el foro se \u00a0socializaron las acciones adelantadas en el departamento durante 18 meses. \u201cLo importante es que identifiquemos las prioridades y empujemos el carro para el mismo lado\u201d, dijo Buitrago. Enfatiz\u00f3 en que no hay nada m\u00e1s molesto que echar a andar un carro y tres se paren al frente, dos empujen para otro lado, otros se paren encima y otros digan que eso no sirve para nada. \u201cAs\u00ed, no vamos a llegar a ning\u00fan lugar\u201d.<\/p>\n<p>Norte de Santander, en las subregiones, tiene las potencialidades advertibles. \u201cNo es un discurso de cartilla de quinto primaria, que dice que Colombia es rica, que tiene dos oc\u00e9anos y tres cordilleras, va m\u00e1s all\u00e1 de eso. Est\u00e1 desde la posibilidad y la potencialidad que tenemos desde las subregiones de levantarnos para construir esa visi\u00f3n de desarrollo\u201d.<\/p>\n<p>Entre los 300 representantes de la institucionalidad estuvieron alcaldes, secretarios de Planeaci\u00f3n, Gobierno y Cultura; funcionarios de la Secretaria de Fronteras y Cooperaci\u00f3n Internacional; concejales; l\u00edderes de organizaciones sociales de base, representantes de la sociedad civil de 27 municipios vinculados al proceso, delegados de las universidades de Pamplona y Francisco de Paula Santander, y miembros de la Comisi\u00f3n Regional de Competitividad y del Comit\u00e9 Intergremial.<\/p>\n<p>\u201cEl desarrollo econ\u00f3mico y social ser\u00e1 una realidad en la medida en que como nortesantandereanos interpretemos nuestra realidad desde la potencialidad del territorio. La materializaci\u00f3n depende de la pasi\u00f3n ciudadana, no de los ejercicios transitorios del poder\u201d, dijo Cristian Buitrago.<\/p>\n<p>Expres\u00f3 que cuando se habla de construcci\u00f3n de visiones prospectivas de desarrollo, estamos centrando la discusi\u00f3n del futuro en la trasformaci\u00f3n mental y f\u00edsica en lo que es el desarrollo regional\u201d.<\/p>\n<p>Debe garantiz\u00e1rseles a los campesinos continuar en el campo en condiciones de dignidad para que le ofrezca a la familia un mejor sustento. \u201cNo podemos quedarnos con un campesinado al que tenemos que aplaudir, porque ha decidido quedarse en el campo a todo riesgo. Como sociedad debemos darles las condiciones para que permanezcan, pero que sus condiciones personales y familiares tambi\u00e9n sean enaltecidas\u201d.<\/p>\n<p>Los talleres participativos de prospectiva estrat\u00e9gica determinaron la fase de definici\u00f3n de las visiones subregionales que una vez validadas pasar\u00e1n a manos de los integrantes del Comit\u00e9 Intersectorial de Ordenamiento Territorial convocado por la Secretar\u00eda de Planeaci\u00f3n Departamental.<\/p>\n<p><b>RAFAEL ANTONIO PAB\u00d3N<\/b><\/p>\n<p><b><a href=\"mailto:rafaelpabon58@hotmail.com\">rafaelpabon58@hotmail.com<\/a><\/b><\/p>\n<p><b>Foto. CONSORNOC\u00a0<\/b> <\/p>\n","protected":false},"excerpt":{"rendered":"<p>C\u00daCUTA.- Si los nortesantandereanos deciden hacia d\u00f3nde quieren ir, quien venga del orden nacional, departamental y municipal a tratar de ir en contrav\u00eda de esos prop\u00f3sitos, se estrellar\u00e1 contra una institucionalidad fortalecida. As\u00ed lo dijo el secretario de planeaci\u00f3n Cristian Buitrago, en la instalaci\u00f3n del foro \u2018Definici\u00f3n de visiones subregionales\u2019. En la actividad participaron 300 &hellip;<\/p>\n","protected":false},"author":1,"featured_media":22153,"comment_status":"open","ping_status":"open","sticky":false,"template":"","format":"standard","meta":{"footnotes":""},"categories":[556,6],"tags":[1365,1544],"class_list":["post-22152","post","type-post","status-publish","format-standard","has-post-thumbnail","hentry","category-departamento","category-ojo-avizor","tag-consornoc","tag-cristian-buitrago"],"_links":{"self":[{"href":"https:\/\/contraluzcucuta.co\/index.php?rest_route=\/wp\/v2\/posts\/22152","targetHints":{"allow":["GET"]}}],"collection":[{"href":"https:\/\/contraluzcucuta.co\/index.php?rest_route=\/wp\/v2\/posts"}],"about":[{"href":"https:\/\/contraluzcucuta.co\/index.php?rest_route=\/wp\/v2\/types\/post"}],"author":[{"embeddable":true,"href":"https:\/\/contraluzcucuta.co\/index.php?rest_route=\/wp\/v2\/users\/1"}],"replies":[{"embeddable":true,"href":"https:\/\/contraluzcucuta.co\/index.php?rest_route=%2Fwp%2Fv2%2Fcomments&post=22152"}],"version-history":[{"count":1,"href":"https:\/\/contraluzcucuta.co\/index.php?rest_route=\/wp\/v2\/posts\/22152\/revisions"}],"predecessor-version":[{"id":22154,"href":"https:\/\/contraluzcucuta.co\/index.php?rest_route=\/wp\/v2\/posts\/22152\/revisions\/22154"}],"wp:featuredmedia":[{"embeddable":true,"href":"https:\/\/contraluzcucuta.co\/index.php?rest_route=\/wp\/v2\/media\/22153"}],"wp:attachment":[{"href":"https:\/\/contraluzcucuta.co\/index.php?rest_route=%2Fwp%2Fv2%2Fmedia&parent=22152"}],"wp:term":[{"taxonomy":"category","embeddable":true,"href":"https:\/\/contraluzcucuta.co\/index.php?rest_route=%2Fwp%2Fv2%2Fcategories&post=22152"},{"taxonomy":"post_tag","embeddable":true,"href":"https:\/\/contraluzcucuta.co\/index.php?rest_route=%2Fwp%2Fv2%2Ftags&post=22152"}],"curies":[{"name":"wp","href":"https:\/\/api.w.org\/{rel}","templated":true}]}}