{"id":22144,"date":"2014-07-30T21:03:23","date_gmt":"2014-07-31T02:03:23","guid":{"rendered":"http:\/\/contraluzcucuta.co\/?p=22144"},"modified":"2014-08-03T18:04:07","modified_gmt":"2014-08-03T23:04:07","slug":"balance-cucuta-sobre-ruedas-exito-total-fenalco","status":"publish","type":"post","link":"https:\/\/contraluzcucuta.co\/?p=22144","title":{"rendered":"BALANCE. \u2018C\u00facuta sobre ruedas\u2019, \u00e9xito total: Fenalco"},"content":{"rendered":"<p><b style=\"line-height: 1.5em;\">C\u00daCUTA.-<\/b><span style=\"line-height: 1.5em;\"> Ventas superiores a los $ 2500 millones dej\u00f3 la sexta versi\u00f3n de \u2018C\u00facuta sobre ruedas\u2019, organizado por la Federaci\u00f3n Nacional de Comerciantes (Fenalco), seccional Norte de Santander. La actividad se cumpli\u00f3 en la ciudad entre el 24 y el 27 de julio.<\/span><\/p>\n<p>Gladys navarro, directora ejecutiva de Fenalco, dijo que el monto de las operaciones dan cuenta del excelente desempe\u00f1o alcanzado. En los tres d\u00edas de feria los concesionarios atendieron 1500 cucute\u00f1os que preguntaron por precios y modelos de los veh\u00edculos, y planes para adquirir veh\u00edculos.<\/p>\n<p>\u201cAlgunas de estas personas atendidas quedan con ventas pendientes para los pr\u00f3ximos d\u00edas\u201d, dijo la vocera gremial. Esos potenciales clientes cuentan con un cupo de cr\u00e9dito preaprobado por los bancos que hicieron presencia en la feria\u00a0 y que dinamizar\u00e1n las ventas en los pr\u00f3ximos dos meses.<\/p>\n<p>Luego de la feria del sector automotor\u00a0 \u2018C\u00facuta sobre ruedas\u2019,\u00a0 Fenalco report\u00f3 satisfacci\u00f3n entre los expositores de las diferentes marcas de automotores y motocicletas.<\/p>\n<p>Seg\u00fan la encuesta\u00a0 que mide la satisfacci\u00f3n de los expositores, el gremio conoci\u00f3\u00a0 el\u00a0 n\u00famero total de contactos hechos,\u00a0 las cotizaciones solicitadas y las ventas efectivas. En los d\u00edas de feria, a juicio de los expositores, quedaron satisfechos con la actividad.<\/p>\n<p>Fenalco manifest\u00f3 que queda el compromiso claro de avanzar para lograr que \u2018C\u00facuta sobre Ruedas\u2019 mantenga la dimensi\u00f3n que se requiere con el fin de obtener los resultados positivos como los logrados este a\u00f1o.<\/p>\n<p>Los concesionarios de la ciudad tendr\u00e1n atenci\u00f3n por medio de los resultados de la encuesta de econometr\u00eda Fenalco Andi, que se convierte en la mejor herramienta para revisar la proyecci\u00f3n del sector\u00a0 y\u00a0\u00a0 la representaci\u00f3n gremial que se requiere.<\/p>\n<p>Gladys Navarro reconoci\u00f3 que este sector es uno de los de mayor proyecci\u00f3n en la ciudad. \u201cRequiere mayor apoyo y una permanente comunicaci\u00f3n entre las entidades de control, como la Secretar\u00eda de Tr\u00e1nsito, para emprender las campa\u00f1as de responsabilidad\u201d.<\/p>\n<p>&nbsp; <\/p>\n","protected":false},"excerpt":{"rendered":"<p>C\u00daCUTA.- Ventas superiores a los $ 2500 millones dej\u00f3 la sexta versi\u00f3n de \u2018C\u00facuta sobre ruedas\u2019, organizado por la Federaci\u00f3n Nacional de Comerciantes (Fenalco), seccional Norte de Santander. La actividad se cumpli\u00f3 en la ciudad entre el 24 y el 27 de julio. Gladys navarro, directora ejecutiva de Fenalco, dijo que el monto de las &hellip;<\/p>\n","protected":false},"author":1,"featured_media":22093,"comment_status":"open","ping_status":"open","sticky":false,"template":"","format":"standard","meta":{"footnotes":""},"categories":[541,36],"tags":[1516,378],"class_list":["post-22144","post","type-post","status-publish","format-standard","has-post-thumbnail","hentry","category-ciudad","category-la-voz-del-pueblo","tag-cucuta-sobre-ruedas","tag-fenalco"],"_links":{"self":[{"href":"https:\/\/contraluzcucuta.co\/index.php?rest_route=\/wp\/v2\/posts\/22144","targetHints":{"allow":["GET"]}}],"collection":[{"href":"https:\/\/contraluzcucuta.co\/index.php?rest_route=\/wp\/v2\/posts"}],"about":[{"href":"https:\/\/contraluzcucuta.co\/index.php?rest_route=\/wp\/v2\/types\/post"}],"author":[{"embeddable":true,"href":"https:\/\/contraluzcucuta.co\/index.php?rest_route=\/wp\/v2\/users\/1"}],"replies":[{"embeddable":true,"href":"https:\/\/contraluzcucuta.co\/index.php?rest_route=%2Fwp%2Fv2%2Fcomments&post=22144"}],"version-history":[{"count":1,"href":"https:\/\/contraluzcucuta.co\/index.php?rest_route=\/wp\/v2\/posts\/22144\/revisions"}],"predecessor-version":[{"id":22145,"href":"https:\/\/contraluzcucuta.co\/index.php?rest_route=\/wp\/v2\/posts\/22144\/revisions\/22145"}],"wp:featuredmedia":[{"embeddable":true,"href":"https:\/\/contraluzcucuta.co\/index.php?rest_route=\/wp\/v2\/media\/22093"}],"wp:attachment":[{"href":"https:\/\/contraluzcucuta.co\/index.php?rest_route=%2Fwp%2Fv2%2Fmedia&parent=22144"}],"wp:term":[{"taxonomy":"category","embeddable":true,"href":"https:\/\/contraluzcucuta.co\/index.php?rest_route=%2Fwp%2Fv2%2Fcategories&post=22144"},{"taxonomy":"post_tag","embeddable":true,"href":"https:\/\/contraluzcucuta.co\/index.php?rest_route=%2Fwp%2Fv2%2Ftags&post=22144"}],"curies":[{"name":"wp","href":"https:\/\/api.w.org\/{rel}","templated":true}]}}