{"id":22137,"date":"2014-07-30T19:54:34","date_gmt":"2014-07-31T00:54:34","guid":{"rendered":"http:\/\/contraluzcucuta.co\/?p=22137"},"modified":"2014-08-03T21:13:35","modified_gmt":"2014-08-04T02:13:35","slug":"7-de-diciembre-dia-de-accion-de-gracias-en-cucuta","status":"publish","type":"post","link":"https:\/\/contraluzcucuta.co\/?p=22137","title":{"rendered":"7 DE DICIEMBRE. \u2018D\u00eda de Acci\u00f3n de Gracias\u2019, en C\u00facuta"},"content":{"rendered":"<p><b style=\"line-height: 1.5em;\">C\u00daCUTA.-<\/b><span style=\"line-height: 1.5em;\"> Los cucute\u00f1os, a partir de este a\u00f1o, tendr\u00e1n un d\u00eda especial de Acci\u00f3n de Gracias. El 7 de diciembre, ser\u00e1 institucionalizado con este motivo, de acuerdo con la decisi\u00f3n tomada por el Concejo. Los miembros de la corporaci\u00f3n aprobaron la iniciativa presentada por Jorge Quintero y ahora solo falta que el alcalde Donamaris Ram\u00edrez la sancione.<\/span><\/p>\n<p>Un d\u00eda, mientras asist\u00eda a un acto p\u00fablico, Quintero escuch\u00f3 que la comunidad agradec\u00eda por la obra entregada. El coraz\u00f3n le palpit\u00f3 de emoci\u00f3n y a partir de ese momento comenz\u00f3 a cranear c\u00f3mo presentar el proyecto y c\u00f3mo hacer para que sus compa\u00f1eros de cuerpo colegiado lo respaldaran.<\/p>\n<p>De esta manera, C\u00facuta se convertir\u00e1 en el primer municipio colombiano que escoge un d\u00eda para darle gracias a Dios. El ejemplo no es tomado de los estadounidenses, sino inspiraci\u00f3n local, aunque tendr\u00e1 el mismo significado en la escala de valores humanos.<\/p>\n<p>\u201cCada quien, conforme a su credo, a su doctrina, podr\u00e1 darle gracias a Dios, a la Virgen, al pap\u00e1, a la mam\u00e1, a la naturaleza\u201d, explic\u00f3 el autor de la iniciativa. El 7 de diciembre, por tradici\u00f3n, es el D\u00eda de las Velitas. En la noche, las familias se re\u00fanen en las afueras de la casa y viven un momento especial.<\/p>\n<p>A los seres humanos se les ha perdido la costumbre de agradecer por los favores recibidos. A la sociedad le falta rescatar este valor para compartir en armon\u00eda.<\/p>\n<p>Quintero es consciente de que el oficio de concejal solo le reporta malos comentarios salidos de las comunidades inconformes, porque no se les cumplen los deseos o no se les construyen las obras que piden. \u201cLos colombianos, en general, siempre hablamos mal del gobernante\u201d.<\/p>\n<p>La imagen negativa lleva a pensar que los pol\u00edticos son ladrones; los polic\u00edas, corruptos; los abogados, ladrones, y los sacerdotes, ped\u00f3filos. \u201cgeneralizamos y se nos ha olvidado estar bien\u201d con lo que se posee, dijo Jorge Quintero. \u201cCuando uno da las gracias y la otra persona las recibe, el coraz\u00f3n se ablanda\u201d.<\/p>\n<p>La celebraci\u00f3n del \u2018D\u00eda de Acci\u00f3n de Gracias\u2019 har\u00e1 que la sociedad cucute\u00f1a mejore, que los \u00edndices de delincuencia bajen y que haya menos violencia intrafamiliar.<\/p>\n<p>Al comienzo de los debates del proyecto de acuerdo, algunos concejales pidieron modificar la fecha, cambiar el 7 de diciembre por otro d\u00eda, basados en la doctrina cat\u00f3lica.\u00a0 La iniciativa es amplia, abierta y constitucional. \u201cTodos los que creemos en algo cabemos ah\u00ed para dar gracias\u201d, afirm\u00f3 Quintero.<\/p>\n<p>Los gringos, ese d\u00eda, tiene por costumbre preparar la cena con pavo y hacer un compartir con la familia, los vecinos y los amigos. El proyecto cucute\u00f1o no contempla ning\u00fan s\u00edmbolo material, que podr\u00eda ser un mercado para llevarlo a los necesitados.<\/p>\n<p>\u201cEse d\u00eda podemos hacer una obra social\u201d, dijo Jorge Quintero. La idea es que los que tienen c\u00f3mo visiten a una familia de escasos recursos y les lleven un presente como pretexto para reunirse en familia y permitir que los que reciben el detalle den gracias.<\/p>\n<p><b>RAFAEL ANTONIO PAB\u00d3N<\/b><\/p>\n<p><b><a href=\"mailto:rafaelpabon58@hotmail.com\">rafaelpabon58@hotmail.com<\/a><\/b><\/p>\n<p>&nbsp; <\/p>\n","protected":false},"excerpt":{"rendered":"<p>C\u00daCUTA.- Los cucute\u00f1os, a partir de este a\u00f1o, tendr\u00e1n un d\u00eda especial de Acci\u00f3n de Gracias. El 7 de diciembre, ser\u00e1 institucionalizado con este motivo, de acuerdo con la decisi\u00f3n tomada por el Concejo. Los miembros de la corporaci\u00f3n aprobaron la iniciativa presentada por Jorge Quintero y ahora solo falta que el alcalde Donamaris Ram\u00edrez &hellip;<\/p>\n","protected":false},"author":1,"featured_media":22139,"comment_status":"open","ping_status":"open","sticky":false,"template":"","format":"standard","meta":{"footnotes":""},"categories":[541,36],"tags":[197,1539,1540],"class_list":["post-22137","post","type-post","status-publish","format-standard","has-post-thumbnail","hentry","category-ciudad","category-la-voz-del-pueblo","tag-concejo-de-cucuta","tag-dia-de-accion-de-gracias","tag-jorge-quintero"],"_links":{"self":[{"href":"https:\/\/contraluzcucuta.co\/index.php?rest_route=\/wp\/v2\/posts\/22137","targetHints":{"allow":["GET"]}}],"collection":[{"href":"https:\/\/contraluzcucuta.co\/index.php?rest_route=\/wp\/v2\/posts"}],"about":[{"href":"https:\/\/contraluzcucuta.co\/index.php?rest_route=\/wp\/v2\/types\/post"}],"author":[{"embeddable":true,"href":"https:\/\/contraluzcucuta.co\/index.php?rest_route=\/wp\/v2\/users\/1"}],"replies":[{"embeddable":true,"href":"https:\/\/contraluzcucuta.co\/index.php?rest_route=%2Fwp%2Fv2%2Fcomments&post=22137"}],"version-history":[{"count":1,"href":"https:\/\/contraluzcucuta.co\/index.php?rest_route=\/wp\/v2\/posts\/22137\/revisions"}],"predecessor-version":[{"id":22140,"href":"https:\/\/contraluzcucuta.co\/index.php?rest_route=\/wp\/v2\/posts\/22137\/revisions\/22140"}],"wp:featuredmedia":[{"embeddable":true,"href":"https:\/\/contraluzcucuta.co\/index.php?rest_route=\/wp\/v2\/media\/22139"}],"wp:attachment":[{"href":"https:\/\/contraluzcucuta.co\/index.php?rest_route=%2Fwp%2Fv2%2Fmedia&parent=22137"}],"wp:term":[{"taxonomy":"category","embeddable":true,"href":"https:\/\/contraluzcucuta.co\/index.php?rest_route=%2Fwp%2Fv2%2Fcategories&post=22137"},{"taxonomy":"post_tag","embeddable":true,"href":"https:\/\/contraluzcucuta.co\/index.php?rest_route=%2Fwp%2Fv2%2Ftags&post=22137"}],"curies":[{"name":"wp","href":"https:\/\/api.w.org\/{rel}","templated":true}]}}