{"id":22134,"date":"2014-07-30T19:31:11","date_gmt":"2014-07-31T00:31:11","guid":{"rendered":"http:\/\/contraluzcucuta.co\/?p=22134"},"modified":"2014-08-03T16:56:04","modified_gmt":"2014-08-03T21:56:04","slug":"zona-franca-el-predio-tiene-dificultades-juridicas","status":"publish","type":"post","link":"https:\/\/contraluzcucuta.co\/?p=22134","title":{"rendered":"ZONA FRANCA. El predio tiene dificultades jur\u00eddicas"},"content":{"rendered":"<p><b style=\"line-height: 1.5em;\">C\u00daCUTA.-<\/b><span style=\"line-height: 1.5em;\"> La inestabilidad jur\u00eddica de los predios, en la avenida Los Libertadores, tiene estancado cualquier progreso en la Zona Franca de C\u00facuta. La C\u00e1mara de Comercio aspira a que en dos meses este atasco quede solucionado para permitir la llegada de nuevos empresarios a la ciudad.<\/span><\/p>\n<p>La afirmaci\u00f3n la hizo el presidente ejecutivo de la C\u00e1mara, Jos\u00e9 Miguel Gonz\u00e1lez, en el Concejo. El funcionario fue invitado a la corporaci\u00f3n para que hablara acerca de los desarrollos, proyectos e iniciativas, y para conocer el manejo de la entidad.<\/p>\n<p>\u201cEl predio tiene dificultades jur\u00eddicas\u201d, dijo Gonz\u00e1lez. Dos a\u00f1os atr\u00e1s, el Ministerio de Comercio le trasfiri\u00f3 el asunto de los terrenos a la Central de Inversiones S.A. (Cisa). Hasta el momento no ha habido respuestas a las inquietudes sobre el particular.<\/p>\n<p>Seis empresarios no han podido ingresar a la Zona Franca porque no hay precios de arriendos. Otros, han querido adquirir los espacios para almacenar la mercanc\u00eda, pero tampoco hay valores. En 60 d\u00edas, la Gobernaci\u00f3n o la Alcald\u00eda podr\u00edan tomar el manejo.<\/p>\n<p>Jos\u00e9 Miguel Gonz\u00e1lez, en respuesta a las inquietudes de los concejales, afirm\u00f3 que no se pueden dar precios para el arriendo de las bodegas por \u201cla inestabilidad jur\u00eddica\u201d existente en la Zona Franca.<\/p>\n<p>Lament\u00f3 que en los \u00faltimos 20 a\u00f1os no haya tenido el desarrollo querido para beneficio de Norte de Santander y reiter\u00f3 que afronta problemas de seguridad, v\u00edas, infraestructura y servicios p\u00fablicos.<\/p>\n<p>En la exposici\u00f3n el presidente ejecutivo de la C\u00e1mara de Comercio, Jos\u00e9 Miguel Gonz\u00e1lez, estuvo acompa\u00f1ado por Gonzalo Arenas. Propuso al Concejo trabajar conjuntamente en lo referente a:<\/p>\n<p>1.- Aeropuerto Camilo Daza<\/p>\n<p>2.- Proyecto \u00bfC\u00f3mo vamos C\u00facuta?<\/p>\n<p>3.- Incentivos para nuevas empresas que se instalen en la ciudad<\/p>\n<p>4.- Apoyo a los cl\u00faster.<\/p>\n<p>5.- ExpoGesti\u00f3n 2014.<\/p>\n<p>En respuesta a esta solicitud se asignar\u00e1 un concejal por programa, de acuerdo con el perfil de cada uno. \u201cLa C\u00e1mara est\u00e1 dise\u00f1ada para trabajar con empresarios\u201d, se\u00f1al\u00f3 Gonz\u00e1lez.<\/p>\n<p>Otros aspectos sobre los que habl\u00f3 el presidente ejecutivo ante la corporaci\u00f3n son los siguientes:<\/p>\n<p>1.- Formalizaci\u00f3n de empresarios<\/p>\n<p>2.- Estructuraci\u00f3n y gesti\u00f3n de proyectos<\/p>\n<p>3.- Agencia de inversi\u00f3n para Norte de Santander<\/p>\n<p>4.- Proyectos regionales<\/p>\n<p>&#8211; Aeropuerto Camilo Daza<\/p>\n<p>&#8211; Acueducto Metropolitano<\/p>\n<p>&#8211; Zona Franca<\/p>\n<p>&#8211; Reasentamiento de Gramalote<\/p>\n<p>&#8211; Infraestructura vial<\/p>\n<p><b>RAFAEL ANTONIO PAB\u00d3N<\/b><\/p>\n<p><b><a href=\"mailto:rafaelpabon58@hotmail.com\">rafaelpabon58@hotmail.com<\/a><\/b><\/p>\n<p>&nbsp;<\/p>\n<p>&nbsp; <\/p>\n","protected":false},"excerpt":{"rendered":"<p>C\u00daCUTA.- La inestabilidad jur\u00eddica de los predios, en la avenida Los Libertadores, tiene estancado cualquier progreso en la Zona Franca de C\u00facuta. La C\u00e1mara de Comercio aspira a que en dos meses este atasco quede solucionado para permitir la llegada de nuevos empresarios a la ciudad. La afirmaci\u00f3n la hizo el presidente ejecutivo de la &hellip;<\/p>\n","protected":false},"author":1,"featured_media":22135,"comment_status":"open","ping_status":"open","sticky":false,"template":"","format":"standard","meta":{"footnotes":""},"categories":[541,6],"tags":[375,197,1533],"class_list":["post-22134","post","type-post","status-publish","format-standard","has-post-thumbnail","hentry","category-ciudad","category-ojo-avizor","tag-camara-de-comercio-de-cucuta","tag-concejo-de-cucuta","tag-zona-franca-de-cucuta"],"_links":{"self":[{"href":"https:\/\/contraluzcucuta.co\/index.php?rest_route=\/wp\/v2\/posts\/22134","targetHints":{"allow":["GET"]}}],"collection":[{"href":"https:\/\/contraluzcucuta.co\/index.php?rest_route=\/wp\/v2\/posts"}],"about":[{"href":"https:\/\/contraluzcucuta.co\/index.php?rest_route=\/wp\/v2\/types\/post"}],"author":[{"embeddable":true,"href":"https:\/\/contraluzcucuta.co\/index.php?rest_route=\/wp\/v2\/users\/1"}],"replies":[{"embeddable":true,"href":"https:\/\/contraluzcucuta.co\/index.php?rest_route=%2Fwp%2Fv2%2Fcomments&post=22134"}],"version-history":[{"count":1,"href":"https:\/\/contraluzcucuta.co\/index.php?rest_route=\/wp\/v2\/posts\/22134\/revisions"}],"predecessor-version":[{"id":22136,"href":"https:\/\/contraluzcucuta.co\/index.php?rest_route=\/wp\/v2\/posts\/22134\/revisions\/22136"}],"wp:featuredmedia":[{"embeddable":true,"href":"https:\/\/contraluzcucuta.co\/index.php?rest_route=\/wp\/v2\/media\/22135"}],"wp:attachment":[{"href":"https:\/\/contraluzcucuta.co\/index.php?rest_route=%2Fwp%2Fv2%2Fmedia&parent=22134"}],"wp:term":[{"taxonomy":"category","embeddable":true,"href":"https:\/\/contraluzcucuta.co\/index.php?rest_route=%2Fwp%2Fv2%2Fcategories&post=22134"},{"taxonomy":"post_tag","embeddable":true,"href":"https:\/\/contraluzcucuta.co\/index.php?rest_route=%2Fwp%2Fv2%2Ftags&post=22134"}],"curies":[{"name":"wp","href":"https:\/\/api.w.org\/{rel}","templated":true}]}}