{"id":22128,"date":"2014-07-29T23:27:48","date_gmt":"2014-07-30T04:27:48","guid":{"rendered":"http:\/\/contraluzcucuta.co\/?p=22128"},"modified":"2014-07-30T22:38:07","modified_gmt":"2014-07-31T03:38:07","slug":"cine-el-elocuente-silencio-de-alfred-hitchcock","status":"publish","type":"post","link":"https:\/\/contraluzcucuta.co\/?p=22128","title":{"rendered":"CINE. El elocuente silencio de Alfred Hitchcock"},"content":{"rendered":"<p><span style=\"line-height: 1.5em;\">Cada tanto, el cine, en su papel de novel disciplina art\u00edstica, sorprende con hallazgos, invenciones o el surgimiento de mitos que reconfiguran el inter\u00e9s por \u00e9l o sus precursores. Cre\u00edamos que un rasero alto de este tipo de felices accidentes lo hab\u00eda puesto, en el 2008, el descubrimiento en el Museo del Cine Pablo Ducr\u00f3s Hicken, en Buenos Aires, de una copia del metraje total de <\/span><i style=\"line-height: 1.5em;\">Metr\u00f3polis<\/i><span style=\"line-height: 1.5em;\">, la obra maestra de Fritz Lang filmada en 1927. A este hallazgo le sigui\u00f3, cuatro a\u00f1os despu\u00e9s y dentro de la misma colecci\u00f3n de ese museo, el de Mi hijo<\/span><i style=\"line-height: 1.5em;\"> (Moi Syn, 1928)<\/i><span style=\"line-height: 1.5em;\">, del director ruso Yevguieni Cherviakov, filme de una val\u00eda menos popular que la del alem\u00e1n. Por suerte, el cine nos permite equivocarnos.<\/span><\/p>\n<p>A finales de la Segunda Guerra Mundial Alfred Hitchcock gozaba del prestigio que obras posteriores como V\u00e9rtigo<i> (1958) y <\/i>Psicosis<i> (Psycho, 1960)<\/i>, entre otras, repotenciar\u00edan al grado de instalarlo en la categor\u00eda de director de culto que merecidamente ostenta desde entonces. Maestro del suspenso, se sab\u00eda dotado para intimar con las sombras del alma humana.<\/p>\n<p>Quiz\u00e1s por ello la propuesta de Sidney Bernstein para que tomara las riendas del montaje de un material f\u00edlmico proveniente de los campos de concentraci\u00f3n en Alemania, al perecer con el fin de que esa naci\u00f3n reconociera la responsabilidad de sus cr\u00edmenes durante el conflicto, no encontr\u00f3 mayores reparos por parte del forjador del Macguffin.<\/p>\n<p>Manos a la obra, Hitch y un grupo de colaboradores recibieron en los estudios Pinewood, al oeste de Londres, seis rollos de pel\u00edcula grabados por un equipo de camar\u00f3grafos pertenecientes a los ej\u00e9rcitos aliados, el cual registr\u00f3 sin escr\u00fapulos las condiciones infrahumanas de miles de prisioneros del Tercer Reich. El resultado, aunque fue el m\u00e1s aterrador de los proyectos en que particip\u00f3 el director ingl\u00e9s, fue al mismo tiempo uno de los m\u00e1s olvidados.<\/p>\n<p>Luego de un mes de trabajo en que los involucrados, entre ellos los editores Stewart McAllister y Peter Tanner, dieron forma al material en medio de la angustia que las im\u00e1genes les produjeron \u2013se dice que durante este encargo Hitchcock se ausent\u00f3 una semana, conmocionado ante la crudeza de lo visto\u2013, la Divisi\u00f3n de Guerra Psicol\u00f3gica fue disuelta y el proyecto se suspendi\u00f3. Se cree que una de las justificaciones para el cambio en ese momento ser\u00eda el nuevo inter\u00e9s de Inglaterra en que Alemania pasara a ser en adelante su aliado.<\/p>\n<p>Si bien para aquella \u00e9poca no faltaron trabajos hechos por otros maestros del s\u00e9ptimo arte que igualmente daban su visi\u00f3n de lo ocurrido (entre ellos Billy Wilder y John Ford), el mundo sigui\u00f3 dando vueltas, el mago del suspenso regres\u00f3 a lo suyo en Hollywood y la lata cuyos rollos compon\u00edan el corte final del documental fueron a parar a las arcas del Museo de la Guerra Imperial. Que se sepa, el director nunca volvi\u00f3 a referirse a esa cinta, e incluso en la detallada entrevista que a\u00f1os despu\u00e9s le hizo Truffaut acerca de su filmograf\u00eda, en ese punto la charla parece sufrir un <i>salto<\/i> a otro plano. Quiz\u00e1 pensaba que en ella, m\u00e1s que en ninguna otra de sus obras, las im\u00e1genes hablaban por s\u00ed solas. Y ten\u00eda raz\u00f3n.<\/p>\n<p>Aunque fue descubierto a inicios de la d\u00e9cada del ochenta en el museo de Londres por un investigador estadounidense, solo al conmemorarse setenta a\u00f1os del fin de la Segunda Guerra Mundial, y cuando se anuncia para el 2015 su proyecci\u00f3n completa en una versi\u00f3n restaurada para festivales y salas de cine de buena parte del mundo, <i>Memoria de los campos<\/i> (nombre con el que se conoce) gana el inter\u00e9s que merece no solo por llevar algo del autor de La ventana indiscreta <i>(Rear Window, 1954),<\/i> sino por servir de escalofriante testimonio del Holocausto, aquel <i>\u201ctriunfo del caos\u201d. <\/i><\/p>\n<p>Por el milagro de las nuevas tecnolog\u00edas, pero m\u00e1s a\u00fan porque del cielo a la tierra no hay nada oculto, hoy en d\u00eda la mayor\u00eda podemos acceder a esta revisi\u00f3n hist\u00f3rica al menos de una forma b\u00e1sica. De este modo recordaremos que, <i>\u201ca menos que el mundo aprenda la lecci\u00f3n que estas im\u00e1genes <\/i>muestra,<i> la oscuridad volver\u00e1\u201d.<\/i><\/p>\n<p>Ver aqu\u00ed <i>Memoria de los campos<\/i> <a href=\"https:\/\/www.youtube.com\/watch?v=btL_DXey-JI\">https:\/\/www.youtube.com\/watch?v=btL_DXey-JI<\/a><\/p>\n<p>Por Dar\u00edo Monsalve G\u00f3mez<\/p>\n<p><a href=\"mailto:dariomonsalve13@gmail.com\">dariomonsalve13@gmail.com<\/a><\/p>\n<p>&nbsp;<\/p>\n<p>&nbsp; <\/p>\n","protected":false},"excerpt":{"rendered":"<p>Cada tanto, el cine, en su papel de novel disciplina art\u00edstica, sorprende con hallazgos, invenciones o el surgimiento de mitos que reconfiguran el inter\u00e9s por \u00e9l o sus precursores. Cre\u00edamos que un rasero alto de este tipo de felices accidentes lo hab\u00eda puesto, en el 2008, el descubrimiento en el Museo del Cine Pablo Ducr\u00f3s &hellip;<\/p>\n","protected":false},"author":1,"featured_media":22129,"comment_status":"open","ping_status":"open","sticky":false,"template":"","format":"standard","meta":{"footnotes":""},"categories":[45,37],"tags":[1538],"class_list":["post-22128","post","type-post","status-publish","format-standard","has-post-thumbnail","hentry","category-destacado","category-paseo-cultural","tag-alfred-hitchcock"],"_links":{"self":[{"href":"https:\/\/contraluzcucuta.co\/index.php?rest_route=\/wp\/v2\/posts\/22128","targetHints":{"allow":["GET"]}}],"collection":[{"href":"https:\/\/contraluzcucuta.co\/index.php?rest_route=\/wp\/v2\/posts"}],"about":[{"href":"https:\/\/contraluzcucuta.co\/index.php?rest_route=\/wp\/v2\/types\/post"}],"author":[{"embeddable":true,"href":"https:\/\/contraluzcucuta.co\/index.php?rest_route=\/wp\/v2\/users\/1"}],"replies":[{"embeddable":true,"href":"https:\/\/contraluzcucuta.co\/index.php?rest_route=%2Fwp%2Fv2%2Fcomments&post=22128"}],"version-history":[{"count":1,"href":"https:\/\/contraluzcucuta.co\/index.php?rest_route=\/wp\/v2\/posts\/22128\/revisions"}],"predecessor-version":[{"id":22130,"href":"https:\/\/contraluzcucuta.co\/index.php?rest_route=\/wp\/v2\/posts\/22128\/revisions\/22130"}],"wp:featuredmedia":[{"embeddable":true,"href":"https:\/\/contraluzcucuta.co\/index.php?rest_route=\/wp\/v2\/media\/22129"}],"wp:attachment":[{"href":"https:\/\/contraluzcucuta.co\/index.php?rest_route=%2Fwp%2Fv2%2Fmedia&parent=22128"}],"wp:term":[{"taxonomy":"category","embeddable":true,"href":"https:\/\/contraluzcucuta.co\/index.php?rest_route=%2Fwp%2Fv2%2Fcategories&post=22128"},{"taxonomy":"post_tag","embeddable":true,"href":"https:\/\/contraluzcucuta.co\/index.php?rest_route=%2Fwp%2Fv2%2Ftags&post=22128"}],"curies":[{"name":"wp","href":"https:\/\/api.w.org\/{rel}","templated":true}]}}