{"id":22125,"date":"2014-07-29T23:10:06","date_gmt":"2014-07-30T04:10:06","guid":{"rendered":"http:\/\/contraluzcucuta.co\/?p=22125"},"modified":"2014-07-30T21:12:39","modified_gmt":"2014-07-31T02:12:39","slug":"dia-del-campesino-gramaloteros-celebraron-con-baile-y-coplas","status":"publish","type":"post","link":"https:\/\/contraluzcucuta.co\/?p=22125","title":{"rendered":"D\u00cdA DEL CAMPESINO. Gramaloteros celebraron con baile y coplas"},"content":{"rendered":"<p><b style=\"line-height: 1.5em;\">GRAMALOTE.-<\/b><span style=\"line-height: 1.5em;\"> Quinientos gramaloteros, provenientes de 24 veredas, celebraron en la Parroquia San Rafael el D\u00eda del Campesino, como homenaje a los sembradores de vida, quienes con esfuerzo han logrado sostener al municipio a trav\u00e9s del trabajo diario.<\/span><\/p>\n<p>La actividad fue organizada por la Alcald\u00eda de Gramalote, la Universidad de Pamplona, en alianza con el Fondo Adaptaci\u00f3n, y el p\u00e1rroco V\u00edctor Lazzo. Cont\u00f3 con apoyo de la Gobernaci\u00f3n de Norte de Santander, el Sena y \u00a0empresas y entidades de la regi\u00f3n mediante donaciones de herramientas para el agro.<\/p>\n<p>&#8220;Es una oportunidad para seguir fortaleciendo el tejido social \u00a0afectado por el desastre. Aqu\u00ed podemos articularnos mejor con los campesinos y decirles que estamos trabajando por ellos en el apoyo a proyectos productivos\u201d, expres\u00f3 Luis Gonzalo D\u00edaz, coordinador general del Acompa\u00f1amiento Social al reasentamiento de Gramalote.<\/p>\n<p>Viene una nueva etapa con el Incoder para 200 proyectos m\u00e1s, lo que generar\u00e1 desarrollo en esta zona.<\/p>\n<p>A la ceremonia eucar\u00edstica, oficiada por el p\u00e1rroco V\u00edctor Lazzo, le sigui\u00f3 el almuerzo para los asistentes. Luego, la jornada de premios y m\u00fasica popular, espacio en el que los pobladores rurales dejaron ver las cualidades para el baile y las coplas.<\/p>\n<p>La alcaldesa Sonia Rodr\u00edguez dijo que celebrar este d\u00eda es reconocer que el pueblo vive en funci\u00f3n de que el campo est\u00e9 activo. \u201cEs importante que sigan creyendo que la tierra es la soluci\u00f3n para sacar las familias adelante\u201d.<\/p>\n<p>Las inversiones est\u00e1n canalizadas a las v\u00edas, \u00a0proyectos productivos y vivienda. Hay un proceso importante con caf\u00e9. \u201cLos campesinos son muy importantes para Gramalote&#8221;, agreg\u00f3 la Alcaldesa.<\/p>\n<p>N\u00e9stor Velandia, presidente de la Asociaci\u00f3n de juntas de acci\u00f3n comunal de la zona rural, reconoci\u00f3 el esfuerzo de las entidades para llevar alegr\u00eda a quienes &#8220;est\u00e1n pensando en futuro y le han dado sostenibilidad al municipio&#8221;.<\/p>\n<p>El sentido de pertenencia de los pobladores rurales se ve reflejado en las declaraciones de Ram\u00f3n Jes\u00fas Botello, quien asisti\u00f3 desde la vereda El Silencio. &#8220;Es un orgullo ser campesino y representar a mi comunidad. Hac\u00edamos esta fiesta antes en el pueblo, de todas formas no se ha perdido la costumbre y siempre est\u00e1n pendientes de eso&#8221;.<\/p>\n<p>Personal\u00a0 directivo y administrativo de la Universidad de Pamplona acompa\u00f1\u00f3 a los campesinos, les auguraron \u00e9xitos y los animaron a continuar la lucha por el sue\u00f1o de ver lo m\u00e1s pronto posible a Gramalote construido y edificar otros 153 a\u00f1os de historia.<\/p>\n<p>Al final de la jornada, cada campesino se llev\u00f3 a casa un detalle. Quienes no asistieron lo recibir\u00e1n de manos del presidente de la junta comunal, junto a la invitaci\u00f3n para que el pr\u00f3ximo a\u00f1o, hagan parte activa de esta tradicional celebraci\u00f3n.<\/p>\n<p>&nbsp; <\/p>\n","protected":false},"excerpt":{"rendered":"<p>GRAMALOTE.- Quinientos gramaloteros, provenientes de 24 veredas, celebraron en la Parroquia San Rafael el D\u00eda del Campesino, como homenaje a los sembradores de vida, quienes con esfuerzo han logrado sostener al municipio a trav\u00e9s del trabajo diario. La actividad fue organizada por la Alcald\u00eda de Gramalote, la Universidad de Pamplona, en alianza con el Fondo &hellip;<\/p>\n","protected":false},"author":1,"featured_media":22126,"comment_status":"open","ping_status":"open","sticky":false,"template":"","format":"standard","meta":{"footnotes":""},"categories":[556,32],"tags":[1248,13,153],"class_list":["post-22125","post","type-post","status-publish","format-standard","has-post-thumbnail","hentry","category-departamento","category-recorrido-por-la-region","tag-fondo-adaptacion","tag-gramalote","tag-nuevo-gramalote"],"_links":{"self":[{"href":"https:\/\/contraluzcucuta.co\/index.php?rest_route=\/wp\/v2\/posts\/22125","targetHints":{"allow":["GET"]}}],"collection":[{"href":"https:\/\/contraluzcucuta.co\/index.php?rest_route=\/wp\/v2\/posts"}],"about":[{"href":"https:\/\/contraluzcucuta.co\/index.php?rest_route=\/wp\/v2\/types\/post"}],"author":[{"embeddable":true,"href":"https:\/\/contraluzcucuta.co\/index.php?rest_route=\/wp\/v2\/users\/1"}],"replies":[{"embeddable":true,"href":"https:\/\/contraluzcucuta.co\/index.php?rest_route=%2Fwp%2Fv2%2Fcomments&post=22125"}],"version-history":[{"count":1,"href":"https:\/\/contraluzcucuta.co\/index.php?rest_route=\/wp\/v2\/posts\/22125\/revisions"}],"predecessor-version":[{"id":22127,"href":"https:\/\/contraluzcucuta.co\/index.php?rest_route=\/wp\/v2\/posts\/22125\/revisions\/22127"}],"wp:featuredmedia":[{"embeddable":true,"href":"https:\/\/contraluzcucuta.co\/index.php?rest_route=\/wp\/v2\/media\/22126"}],"wp:attachment":[{"href":"https:\/\/contraluzcucuta.co\/index.php?rest_route=%2Fwp%2Fv2%2Fmedia&parent=22125"}],"wp:term":[{"taxonomy":"category","embeddable":true,"href":"https:\/\/contraluzcucuta.co\/index.php?rest_route=%2Fwp%2Fv2%2Fcategories&post=22125"},{"taxonomy":"post_tag","embeddable":true,"href":"https:\/\/contraluzcucuta.co\/index.php?rest_route=%2Fwp%2Fv2%2Ftags&post=22125"}],"curies":[{"name":"wp","href":"https:\/\/api.w.org\/{rel}","templated":true}]}}