{"id":22122,"date":"2014-07-29T22:46:04","date_gmt":"2014-07-30T03:46:04","guid":{"rendered":"http:\/\/contraluzcucuta.co\/?p=22122"},"modified":"2014-07-30T20:07:41","modified_gmt":"2014-07-31T01:07:41","slug":"ley-de-justicia-y-paz-frustracion-por-reconstruccion-de-la-verdad","status":"publish","type":"post","link":"https:\/\/contraluzcucuta.co\/?p=22122","title":{"rendered":"LEY DE JUSTICIA Y PAZ. Frustraci\u00f3n por reconstrucci\u00f3n de la verdad"},"content":{"rendered":"<p><span style=\"line-height: 1.5em;\">A pesar de que siempre se tuvo la certeza de que alg\u00fan d\u00eda los responsables de la mayor tragedia humanitaria de Norte de Santander saldr\u00edan en libertad y de las inmensas debilidades que conten\u00eda la Ley 975 aprobada en el 2005, las reacciones de rechazo, preocupaci\u00f3n y miedo por parte de los miles de afectados por este grupo armado ilegal, no se han hecho esperar.<\/span><\/p>\n<p>Sobre todo porque, entre otras cosas, los procesos judiciales en contra de estos han avanzado a un ritmo impuesto por los victimarios y sus abogados. As\u00ed mismo, el compromiso adquirido al momento de postularse para recibir los beneficios de la <a href=\"http:\/\/fundacionprogresarcuc.blogspot.com\/2014\/07\/16-comandantes-paramilitares-del-bloque.html\">Ley de Justicia y Paz<\/a>, de decir toda la verdad, no solo se ha convertido en un lucrativo negocio para muchos de ellos, sino que la entrega de esta, ha sido dosificada de acuerdo a los intereses que cada uno de ellos tiene de usar a su conveniencia, la informaci\u00f3n de los miles de cr\u00edmenes cometidos, de los responsables intelectuales, los beneficiarios directos e indirectos y sus financiadores.<\/p>\n<p>Para el caso de Norte de Santander, la reconstrucci\u00f3n de la verdad de todo lo ocurrido ha sido una verdadera frustraci\u00f3n, pues algunos fiscales de turno han convertido las versiones acomodadas de los victimarios, en una verdad de a pu\u00f1o, en donde convirtieron a las v\u00edctimas en convidados de piedra.<\/p>\n<p>Lo peor de todo, es que la actual coyuntura de violencia y criminalidad que vive la regi\u00f3n, sobre todo el \u00e1rea metropolitana de C\u00facuta y la provincia de Oca\u00f1a, de presencia de Urabe\u00f1os o Gaitanistas, de los Rastrojos y Los Paisas, fue creada y ha sido dirigida por subalternos y antiguos compa\u00f1eros de armas de los que hoy est\u00e1n prestos a solicitar su libertad; los negocios ilegales que enriquecieron a la mayor\u00eda de comandantes paramilitares como el gran contrabando, la extorsi\u00f3n y el narcotr\u00e1fico se mantienen intactos y a pesar de los esfuerzos gubernamentales se mantienen sectores del establecimiento oficial proclives al dinero r\u00e1pido controlado por estos tres grupos armados ilegales.<\/p>\n<p>La libertad para los 16 postulados miembros del Bloque Catatumbo, es una realidad. No es una expectativa, como ha querido hacerlo creer a la opini\u00f3n p\u00fablica el sr Vice fiscal de la Naci\u00f3n. La estampida de los verdugos se dar\u00e1 en el momento, en que la justicia colombiana coloque al primero de ellos en la calle.<\/p>\n<p>Raz\u00f3n tienen las v\u00edctimas de temer. Estos primeros 16, se caracterizan por haber ejercido mando en las Autodefensas del Bloque Catatumbo; 10 pertenecieron al Frente Tib\u00fa, cinco al Frente Fronteras y uno al Frente M\u00f3vil de El Tarra. Prepararon y dirigieron a cientos de hombres sedientos de sangre, controlaron el territorio, manejaron cantidades exorbitantes de dinero sucio, establecieron relaciones e hicieron todo tipo de favores a servidores p\u00fablicos y empresarios privados, que todav\u00eda se pavonean en los eventos p\u00fablicos y en los clubs sociales de la ciudad.<\/p>\n<p>Este primer grupo de 16 paramilitares son responsables de los mayores y peores cr\u00edmenes que el Bloque Catatumbo de las AUC cometi\u00f3 en nuestro territorio. F\u00e1cilmente dirigieron o cometieron la muerte de m\u00e1s de 4.000 personas, cuyo \u00fanico error fue estar en el lugar equivocado y no contar con la protecci\u00f3n de un Estado que a\u00fan no los reconoce.<\/p>\n<p>Para entender la magnitud de lo ocurrido en el Norte de Santander, basta con revisar la cifra de personas que han acudido hasta el momento a una autoridad competente para realizar su registro de hechos de violencia: 200.000. Pero muy a pesar de esto y de cualquier forma, la justicia colombiana los va a poner en libertad.<\/p>\n<p><b>FUNDACI\u00d3N PROGRESAR<\/b><\/p>\n<p>&nbsp; <\/p>\n","protected":false},"excerpt":{"rendered":"<p>A pesar de que siempre se tuvo la certeza de que alg\u00fan d\u00eda los responsables de la mayor tragedia humanitaria de Norte de Santander saldr\u00edan en libertad y de las inmensas debilidades que conten\u00eda la Ley 975 aprobada en el 2005, las reacciones de rechazo, preocupaci\u00f3n y miedo por parte de los miles de afectados &hellip;<\/p>\n","protected":false},"author":1,"featured_media":22123,"comment_status":"open","ping_status":"open","sticky":false,"template":"","format":"standard","meta":{"footnotes":""},"categories":[5,6],"tags":[1537],"class_list":["post-22122","post","type-post","status-publish","format-standard","has-post-thumbnail","hentry","category-justicia-transicional","category-ojo-avizor","tag-ley-de-justicia-y-paz"],"_links":{"self":[{"href":"https:\/\/contraluzcucuta.co\/index.php?rest_route=\/wp\/v2\/posts\/22122","targetHints":{"allow":["GET"]}}],"collection":[{"href":"https:\/\/contraluzcucuta.co\/index.php?rest_route=\/wp\/v2\/posts"}],"about":[{"href":"https:\/\/contraluzcucuta.co\/index.php?rest_route=\/wp\/v2\/types\/post"}],"author":[{"embeddable":true,"href":"https:\/\/contraluzcucuta.co\/index.php?rest_route=\/wp\/v2\/users\/1"}],"replies":[{"embeddable":true,"href":"https:\/\/contraluzcucuta.co\/index.php?rest_route=%2Fwp%2Fv2%2Fcomments&post=22122"}],"version-history":[{"count":1,"href":"https:\/\/contraluzcucuta.co\/index.php?rest_route=\/wp\/v2\/posts\/22122\/revisions"}],"predecessor-version":[{"id":22124,"href":"https:\/\/contraluzcucuta.co\/index.php?rest_route=\/wp\/v2\/posts\/22122\/revisions\/22124"}],"wp:featuredmedia":[{"embeddable":true,"href":"https:\/\/contraluzcucuta.co\/index.php?rest_route=\/wp\/v2\/media\/22123"}],"wp:attachment":[{"href":"https:\/\/contraluzcucuta.co\/index.php?rest_route=%2Fwp%2Fv2%2Fmedia&parent=22122"}],"wp:term":[{"taxonomy":"category","embeddable":true,"href":"https:\/\/contraluzcucuta.co\/index.php?rest_route=%2Fwp%2Fv2%2Fcategories&post=22122"},{"taxonomy":"post_tag","embeddable":true,"href":"https:\/\/contraluzcucuta.co\/index.php?rest_route=%2Fwp%2Fv2%2Ftags&post=22122"}],"curies":[{"name":"wp","href":"https:\/\/api.w.org\/{rel}","templated":true}]}}