{"id":22119,"date":"2014-07-29T22:26:24","date_gmt":"2014-07-30T03:26:24","guid":{"rendered":"http:\/\/contraluzcucuta.co\/?p=22119"},"modified":"2014-07-30T20:00:28","modified_gmt":"2014-07-31T01:00:28","slug":"proceso-estrategico-rumbo-a-la-validacion-de-las-visiones-subregionales","status":"publish","type":"post","link":"https:\/\/contraluzcucuta.co\/?p=22119","title":{"rendered":"PROCESO ESTRAT\u00c9GICO. Rumbo a la validaci\u00f3n de las visiones subregionales"},"content":{"rendered":"<p><b style=\"line-height: 1.5em;\">C\u00daCUTA.-<\/b><span style=\"line-height: 1.5em;\"> Expertos designados por los sectores salud, educaci\u00f3n, deporte, vivienda y cultura socializaron los resultados de los ejercicios subregionales de definici\u00f3n de visi\u00f3n. El trabajo se cumpli\u00f3 en dos jornadas.<\/span><\/p>\n<p>Durante la primera sesi\u00f3n se analizaron los proyectos \u2018Fortalecimiento de la estrategia regional con perspectiva en la participaci\u00f3n\u2019 y \u2018Construcci\u00f3n de visi\u00f3n compartida de regi\u00f3n con prospectiva para el desarrollo de la gobernabilidad democr\u00e1tica\u2019.<\/p>\n<p>La propuesta metodol\u00f3gica y las conclusiones de los ejercicios participativos, adelantados en las subregiones Pamplona, Chin\u00e1cota y \u00c1rea Metropolitana de C\u00facuta, los present\u00f3 el coordinador y el asesor metodol\u00f3gico Fabio Torres, como pre\u00e1mbulo del proceso de validaci\u00f3n.<\/p>\n<p>En el segundo encuentro se presentaron los resultados del proceso de construcci\u00f3n y validaci\u00f3n de la Agenda Regional que retoma elementos de prospectiva estrat\u00e9gica para la definici\u00f3n de una propuesta territorial de desarrollo a 2034.<\/p>\n<p>El director ejecutivo de la Asociaci\u00f3n de Municipios del Catatumbo, Provincia de Oca\u00f1a y Sur del Cesar, Emiro Ca\u00f1izares, se encarg\u00f3 de la exposici\u00f3n. \u00a0Consornoc se vincula al proceso fortaleciendo las acciones adelantadas en Oca\u00f1a, \u00c1brego y La Playa con el PET de Gobernabilidad desde el 2013, y en El Carmen, Convenci\u00f3n, Teorama y Tib\u00fa, con el proyecto durante el 2014.<\/p>\n<p>Los documentos ser\u00e1n analizados en cumplimiento de la Ley 1454 y se emitir\u00e1 concepto para el ajuste a la visi\u00f3n departamental 2021 y la adopci\u00f3n de las visiones subregionales.<\/p>\n<p>Nancy Omaira Buitrago, profesional de Planificaci\u00f3n y Desarrollo Territorial, designada por la Secretar\u00eda de Planeaci\u00f3n Departamental para acompa\u00f1amiento al proceso, destac\u00f3 el alcance de la iniciativa. \u201cLa revisi\u00f3n de las visiones subregionales construidas por iniciativa de la sociedad civil y los insumos para el ajuste a la visi\u00f3n 2021 del departamento nos permite consolidar un proceso regional\u201d.<\/p>\n<p>La Gobernaci\u00f3n permite que las comunidades aporten ideas de manera espont\u00e1nea, sin influenciar las expectativas; las analizar\u00e1 desde el punto de vista t\u00e9cnico y validar\u00e1 esas visiones para la posterior aplicaci\u00f3n.<\/p>\n<p>El 31 de julio, se llevar\u00e1 a cabo el Foro Departamental Definici\u00f3n de Visiones Subregionales. Los actores participantes del proceso y los alcaldes de 27 municipios har\u00e1n una revisi\u00f3n t\u00e9cnica de los resultados obtenidos, bajo acompa\u00f1amiento de la Secretar\u00eda de Planeaci\u00f3n Departamental.<\/p>\n<p>El Proceso Estrat\u00e9gico Territorial de Gobernabilidad es realidad en Norte de Santander con apoyo de la Uni\u00f3n Europea, Departamento para la Prosperidad Social, Plan Fronteras para la Prosperidad de la Canciller\u00eda y Gobernaci\u00f3n de Norte de Santander.<\/p>\n<p>Entrega a la regi\u00f3n un proceso de formaci\u00f3n soportado por el diplomado en Desarrollo Regional impartido gratuitamente a representantes de la institucionalidad y sociedad civil, el Sistema de Informaci\u00f3n Territorial para la consulta de indicadores de salud, vivienda, educaci\u00f3n, entre otros,\u00a0 la Unidad estructuradora de planes, programas y proyectos en cuatro nodos de atenci\u00f3n\u00a0 (Oca\u00f1a, Pamplona, Chinacota y C\u00facuta) y finalmente cuatro visiones subregionales.<\/p>\n<p>La Corporaci\u00f3n Nueva Sociedad de la Regi\u00f3n Nororiental de Colombia (Consornoc) es la facilitadora del Proceso Estrat\u00e9gico Territorial de Gobernabilidad.<\/p>\n<p>&nbsp;<\/p>\n<p>&nbsp; <\/p>\n","protected":false},"excerpt":{"rendered":"<p>C\u00daCUTA.- Expertos designados por los sectores salud, educaci\u00f3n, deporte, vivienda y cultura socializaron los resultados de los ejercicios subregionales de definici\u00f3n de visi\u00f3n. El trabajo se cumpli\u00f3 en dos jornadas. Durante la primera sesi\u00f3n se analizaron los proyectos \u2018Fortalecimiento de la estrategia regional con perspectiva en la participaci\u00f3n\u2019 y \u2018Construcci\u00f3n de visi\u00f3n compartida de regi\u00f3n &hellip;<\/p>\n","protected":false},"author":1,"featured_media":22120,"comment_status":"open","ping_status":"open","sticky":false,"template":"","format":"standard","meta":{"footnotes":""},"categories":[556,32],"tags":[1365,1536],"class_list":["post-22119","post","type-post","status-publish","format-standard","has-post-thumbnail","hentry","category-departamento","category-recorrido-por-la-region","tag-consornoc","tag-planeacion-departamental"],"_links":{"self":[{"href":"https:\/\/contraluzcucuta.co\/index.php?rest_route=\/wp\/v2\/posts\/22119","targetHints":{"allow":["GET"]}}],"collection":[{"href":"https:\/\/contraluzcucuta.co\/index.php?rest_route=\/wp\/v2\/posts"}],"about":[{"href":"https:\/\/contraluzcucuta.co\/index.php?rest_route=\/wp\/v2\/types\/post"}],"author":[{"embeddable":true,"href":"https:\/\/contraluzcucuta.co\/index.php?rest_route=\/wp\/v2\/users\/1"}],"replies":[{"embeddable":true,"href":"https:\/\/contraluzcucuta.co\/index.php?rest_route=%2Fwp%2Fv2%2Fcomments&post=22119"}],"version-history":[{"count":1,"href":"https:\/\/contraluzcucuta.co\/index.php?rest_route=\/wp\/v2\/posts\/22119\/revisions"}],"predecessor-version":[{"id":22121,"href":"https:\/\/contraluzcucuta.co\/index.php?rest_route=\/wp\/v2\/posts\/22119\/revisions\/22121"}],"wp:featuredmedia":[{"embeddable":true,"href":"https:\/\/contraluzcucuta.co\/index.php?rest_route=\/wp\/v2\/media\/22120"}],"wp:attachment":[{"href":"https:\/\/contraluzcucuta.co\/index.php?rest_route=%2Fwp%2Fv2%2Fmedia&parent=22119"}],"wp:term":[{"taxonomy":"category","embeddable":true,"href":"https:\/\/contraluzcucuta.co\/index.php?rest_route=%2Fwp%2Fv2%2Fcategories&post=22119"},{"taxonomy":"post_tag","embeddable":true,"href":"https:\/\/contraluzcucuta.co\/index.php?rest_route=%2Fwp%2Fv2%2Ftags&post=22119"}],"curies":[{"name":"wp","href":"https:\/\/api.w.org\/{rel}","templated":true}]}}