{"id":22101,"date":"2014-07-27T18:36:09","date_gmt":"2014-07-27T23:36:09","guid":{"rendered":"http:\/\/contraluzcucuta.co\/?p=22101"},"modified":"2014-07-29T22:32:47","modified_gmt":"2014-07-30T03:32:47","slug":"industria-arcilla-participacion-del-128-del-pib-de-norte-de-santander","status":"publish","type":"post","link":"https:\/\/contraluzcucuta.co\/?p=22101","title":{"rendered":"INDUSTRIA. Arcilla, participaci\u00f3n del 12,8 % del PIB de Norte de Santander"},"content":{"rendered":"<p><b style=\"line-height: 1.5em;\">C\u00daCUTA.-<\/b><span style=\"line-height: 1.5em;\"> El sector de la arcilla es el m\u00e1s representativo de la industria en Norte de Santander y participa con el 12,8 por ciento del Producto Interno Bruto (PIB). En el departamento hay 93 empresas dedicadas a este oficio y 210 constructoras. La regi\u00f3n cuenta con 72 firmas de ingenieros y 28 de arquitectos.<\/span><\/p>\n<p>Los empresarios regionales tienen poca credibilidad para con las instituciones de apoyo al sector. \u201cEl sector de la arcilla siempre nos ha preocupado\u201d, dijo Jos\u00e9 Miguel Gonz\u00e1lez, presidente de la C\u00e1mara de Comercio de C\u00facuta, en la presentaci\u00f3n del Cl\u00faster de Arcillas Competitivas ante productores locales.<\/p>\n<p>Entre las caracter\u00edsticas de la producci\u00f3n resaltan:<\/p>\n<p>1.- Altos costos de mano de obra, que representan el 30 por ciento de los costos totales<\/p>\n<p>2.- Costos del trasporte del 30 por ciento<\/p>\n<p>3.- Personal con bajo nivel acad\u00e9mico<\/p>\n<p>4.- Mercado nacional del 72 por ciento y 28 por ciento de exportaci\u00f3n<\/p>\n<p>5.- Baja inversi\u00f3n en investigaci\u00f3n y oferta de valor poco innovadora<\/p>\n<p>6.- Empresas con bajo nivel tecnol\u00f3gico<\/p>\n<p>7.- Empresas golpeadas por los problemas fronterizos.<\/p>\n<p>El objetivo del Cl\u00faster es \u201chacer de ustedes empresas competitivas y rentables\u201d, dijo Gonz\u00e1lez a los arcilleros reunidos en la C\u00e1mara de Comercio para conocer los alcances del programa.<\/p>\n<p>Viviana C\u00e1rdenas, gerenta del Cl\u00faster, dijo que esta es una iniciativa de refuerzo a la competitividad para las empresas de arcilla y construcci\u00f3n de Norte de Santander.<\/p>\n<p><b>\u00bfCu\u00e1l es el objetivo?<\/b><\/p>\n<p>Lo que pretendemos es que las empresas den un salto, basadas en la estrategia trazada por Arcillas Competitivas y que les permita tener m\u00e1s dinero en los bolsillos. Eso es lo que para nosotros significa competitividad, rentabilidad de las empresas. Lo que pretendemos es trasformar las empresas.<\/p>\n<p><b>\u00bfSi ha habido receptividad entre el gremio?<\/b><\/p>\n<p>S\u00ed, tenemos 10 meses con la implementaci\u00f3n de las acciones contempladas en el Cl\u00faster. El Cl\u00faster es de todos y para todos. Entre m\u00e1s empresas est\u00e9n vinculadas m\u00e1s fuerza vamos a tener tanto en lo local como en lo nacional.<\/p>\n<p><b>\u00bfQu\u00e9 viene para los arcilleros a partir del Cl\u00faster?<\/b><\/p>\n<p>La invitaci\u00f3n es para que se vinculen a los programas que estamos haciendo. En las cuatro l\u00edneas de acci\u00f3n est\u00e1n contempladas las actividades estrat\u00e9gicas que les va a permitir a los empresarios dar ese cambio que pretendemos para mejorar la competitividad, los procesos y la calidad de producto, y que podamos superar la crisis que estamos dejando atr\u00e1s con Venezuela.<\/p>\n<p>Foto: MARCO S\u00daA <\/p>\n","protected":false},"excerpt":{"rendered":"<p>C\u00daCUTA.- El sector de la arcilla es el m\u00e1s representativo de la industria en Norte de Santander y participa con el 12,8 por ciento del Producto Interno Bruto (PIB). En el departamento hay 93 empresas dedicadas a este oficio y 210 constructoras. La regi\u00f3n cuenta con 72 firmas de ingenieros y 28 de arquitectos. Los &hellip;<\/p>\n","protected":false},"author":1,"featured_media":22103,"comment_status":"open","ping_status":"open","sticky":false,"template":"","format":"standard","meta":{"footnotes":""},"categories":[556,32],"tags":[375,1531],"class_list":["post-22101","post","type-post","status-publish","format-standard","has-post-thumbnail","hentry","category-departamento","category-recorrido-por-la-region","tag-camara-de-comercio-de-cucuta","tag-cluster-de-arcillas-competitivas"],"_links":{"self":[{"href":"https:\/\/contraluzcucuta.co\/index.php?rest_route=\/wp\/v2\/posts\/22101","targetHints":{"allow":["GET"]}}],"collection":[{"href":"https:\/\/contraluzcucuta.co\/index.php?rest_route=\/wp\/v2\/posts"}],"about":[{"href":"https:\/\/contraluzcucuta.co\/index.php?rest_route=\/wp\/v2\/types\/post"}],"author":[{"embeddable":true,"href":"https:\/\/contraluzcucuta.co\/index.php?rest_route=\/wp\/v2\/users\/1"}],"replies":[{"embeddable":true,"href":"https:\/\/contraluzcucuta.co\/index.php?rest_route=%2Fwp%2Fv2%2Fcomments&post=22101"}],"version-history":[{"count":2,"href":"https:\/\/contraluzcucuta.co\/index.php?rest_route=\/wp\/v2\/posts\/22101\/revisions"}],"predecessor-version":[{"id":22105,"href":"https:\/\/contraluzcucuta.co\/index.php?rest_route=\/wp\/v2\/posts\/22101\/revisions\/22105"}],"wp:featuredmedia":[{"embeddable":true,"href":"https:\/\/contraluzcucuta.co\/index.php?rest_route=\/wp\/v2\/media\/22103"}],"wp:attachment":[{"href":"https:\/\/contraluzcucuta.co\/index.php?rest_route=%2Fwp%2Fv2%2Fmedia&parent=22101"}],"wp:term":[{"taxonomy":"category","embeddable":true,"href":"https:\/\/contraluzcucuta.co\/index.php?rest_route=%2Fwp%2Fv2%2Fcategories&post=22101"},{"taxonomy":"post_tag","embeddable":true,"href":"https:\/\/contraluzcucuta.co\/index.php?rest_route=%2Fwp%2Fv2%2Ftags&post=22101"}],"curies":[{"name":"wp","href":"https:\/\/api.w.org\/{rel}","templated":true}]}}