{"id":22098,"date":"2014-07-27T17:40:02","date_gmt":"2014-07-27T22:40:02","guid":{"rendered":"http:\/\/contraluzcucuta.co\/?p=22098"},"modified":"2014-07-29T22:07:01","modified_gmt":"2014-07-30T03:07:01","slug":"adios-a-la-chaza-haber-jugado-en-el-cucuta-deportivo-es-un-orgullo","status":"publish","type":"post","link":"https:\/\/contraluzcucuta.co\/?p=22098","title":{"rendered":"ADI\u00d3S A \u2018LA CHAZA\u2019. \u201cHaber jugado en el C\u00facuta Deportivo es un orgullo\u201d"},"content":{"rendered":"<p><b style=\"line-height: 1.5em;\">C\u00daCUTA.-<\/b><span style=\"line-height: 1.5em;\"> Diciembre es el mes, por excelencia, de alegr\u00eda, fiesta, regalos, celebraciones, abrazos y balances. No es, entonces, una fecha propicia para tomar decisiones dr\u00e1sticas, como alejarse de aquello por lo que se ha vivido. Menos, para asumir una determinaci\u00f3n que significa dejar atr\u00e1s el pasado cargado de \u00e9xitos y triunfos personales y profesionales.<\/span><\/p>\n<p>Juan Giovanny Garc\u00eda, en el d\u00e9cimo segundo mes del 2013 tom\u00f3 conciencia por lo que pasaba su vida deportiva. Pens\u00f3 que era buen momento para \u2018colgar los guayos\u2019, separarse del f\u00fatbol y no jugar m\u00e1s. Siete meses despu\u00e9s, amigos y aficionados lo despidieron en el estadio General Santander.<\/p>\n<p>De ni\u00f1o ten\u00eda dos sue\u00f1os. El primero, debutar como profesional en Atl\u00e9tico Nacional. No se le cumpli\u00f3 y a cambio se estren\u00f3 en otro equipo verde: Deportivo Cali. A partir de entonces luci\u00f3 las camisetas de Tolima, Patriotas y Real Cartagena. El segundo, terminar la carrera con el C\u00facuta Deportivo y se cumpli\u00f3. En diciembre \u00faltimo no volvi\u00f3 a sacar del ropero la franela rojinegra.<\/p>\n<p>\u201cEn el f\u00fatbol lo m\u00e1s importante es dejar amigos\u201d, dijo Giovanny delante de Ricardo Ciciliano, Iv\u00e1n \u2018La Champeta\u2019 Vel\u00e1squez, \u00a0Jhon Charria, \u2018Cocho\u2019 Pati\u00f1o, N\u00e9stor Salazar, Diego Toro y William Zapata. \u201cM\u00e1s que ser importante y famoso, es ser persona\u201d.<\/p>\n<p>El f\u00fatbol, disciplina que practica desde sus primeros a\u00f1os, le dej\u00f3 an\u00e9cdotas, triunfos, derrotas y vivencias. Lo pase\u00f3 por estadios de Colombia y del exterior. Lo hizo vibrar al ritmo que imponen los aficionados en las tribunas y le queda el remoquete por el que lo conocer\u00e1n por siempre: \u2018La Chaza\u2019.<\/p>\n<p>El 4 de agosto cumplir\u00e1 37 a\u00f1os. La proximidad de esa fecha coadyuv\u00f3 para tomar la decisi\u00f3n que, quiz\u00e1s, nunca habr\u00eda querido asumir. A esa edad, los futbolistas son veteranos, aunque se resistan a entender que el momento del adi\u00f3s est\u00e1 en el camerino.<\/p>\n<p>\u201cEl cuerpo pidi\u00f3 descanso\u201d, dijo. As\u00ed reconoci\u00f3 que el paso del tiempo pesa, las largas temporadas desgastan, las rutinas aburren, los viajes cansan, los partidos molestan, los adversarios golpean y los aficionados exigen demasiado.<\/p>\n<p>Giovanny Garc\u00eda deja atr\u00e1s 17 a\u00f1os de actividad profesional. El juego desplegado por el costado izquierdo, los centros elevados al \u00e1rea contraria, los tiros libres cobrados con perfil zurdo, los delanteros detenidos con eficiencia, los penales lanzados al otro palo y muchas otras t\u00e9cnicas han quedado en el recuerdo.<\/p>\n<p>\u201cCada vez que luc\u00eda la camiseta lo hice con humildad para sacar cada compromiso adelante\u201d, dijo. Las derrotas lo hicieron sufrir y los triunfos le dieron las m\u00e1ximas alegr\u00edas. \u201cHaber jugado en el C\u00facuta Deportivo es un orgullo\u201d.<\/p>\n<p>\u201cNo fue una decisi\u00f3n f\u00e1cil, pero en alg\u00fan momento ten\u00eda que llegar\u201d, lo dijo consciente del presente que comienza a vivir. En las ma\u00f1anas se levantar\u00e1 y no tendr\u00e1 que buscar en el closet los implementos para asistir al entrenamiento. El malet\u00edn qued\u00f3 desocupado de guayos, camisetas, pantalonetas, canilleras, tobilleras, vendajes, bandas con la palabra \u2018capit\u00e1n\u2019, suspensorios, licras, medias, estampas y talismanes.<\/p>\n<p>Ahora, al comenzar el d\u00eda ser\u00e1 un ser humano normal que pensar\u00e1 en c\u00f3mo ayudar a los j\u00f3venes cucute\u00f1os para que no se pierdan en el vicio. El pr\u00f3ximo trabajo ser\u00e1 con las divisiones menores del f\u00fatbol para que esos muchachos cumplan el sue\u00f1o que tuvo un d\u00eda, ser jugador profesional.<\/p>\n<p>Y, a\u00a0 cualquier hora, sin afanes ni presiones por los minutos, empezar\u00e1 a estructurar el proyecto que tiene para la ciudad, armar el segundo equipo con el 50 por ciento de jugadores locales. \u201cDios quiera que muchos cucute\u00f1os dejen el nombre de C\u00facuta en alto\u201d.<\/p>\n<p>Los amigos de Giovanny Garc\u00eda lo acompa\u00f1aron en el momento de decirle adi\u00f3s al f\u00fatbol. \u201cEs un d\u00eda irrepetible. No lo volveremos a ver\u201d, dijo Iv\u00e1n Vel\u00e1squez, \u2018La Champeta\u2019, en representaci\u00f3n del grupo y de los jugadores que abundan en el pa\u00eds.<\/p>\n<p>Le puso cita para volverse a ver en otro campo, eso s\u00ed, ligado al f\u00fatbol. \u201c\u2019Chaza\u2019, gracias por los momentos buenos. En nombre del f\u00fatbol gracias, gracias, gracias. Siempre permanecer\u00e1 la amistad\u201d. Los aplausos retumbaron en el Teatro Municipal de C\u00facuta.<\/p>\n<p><b>RAFAEL ANTONIO PAB\u00d3N<\/b><\/p>\n<p><b><a href=\"mailto:rafaelpabon58@hotmail.com\">rafaelpabon58@hotmail.com<\/a><\/b><\/p>\n<p>Foto: MARCO S\u00daA<\/p>\n<p>&nbsp; <\/p>\n","protected":false},"excerpt":{"rendered":"<p>C\u00daCUTA.- Diciembre es el mes, por excelencia, de alegr\u00eda, fiesta, regalos, celebraciones, abrazos y balances. No es, entonces, una fecha propicia para tomar decisiones dr\u00e1sticas, como alejarse de aquello por lo que se ha vivido. Menos, para asumir una determinaci\u00f3n que significa dejar atr\u00e1s el pasado cargado de \u00e9xitos y triunfos personales y profesionales. Juan &hellip;<\/p>\n","protected":false},"author":1,"featured_media":22099,"comment_status":"open","ping_status":"open","sticky":false,"template":"","format":"standard","meta":{"footnotes":""},"categories":[28],"tags":[1530,192],"class_list":["post-22098","post","type-post","status-publish","format-standard","has-post-thumbnail","hentry","category-vistazo-deportivo","tag-la-chaza-garcia","tag-cucuta-deportivo"],"_links":{"self":[{"href":"https:\/\/contraluzcucuta.co\/index.php?rest_route=\/wp\/v2\/posts\/22098","targetHints":{"allow":["GET"]}}],"collection":[{"href":"https:\/\/contraluzcucuta.co\/index.php?rest_route=\/wp\/v2\/posts"}],"about":[{"href":"https:\/\/contraluzcucuta.co\/index.php?rest_route=\/wp\/v2\/types\/post"}],"author":[{"embeddable":true,"href":"https:\/\/contraluzcucuta.co\/index.php?rest_route=\/wp\/v2\/users\/1"}],"replies":[{"embeddable":true,"href":"https:\/\/contraluzcucuta.co\/index.php?rest_route=%2Fwp%2Fv2%2Fcomments&post=22098"}],"version-history":[{"count":1,"href":"https:\/\/contraluzcucuta.co\/index.php?rest_route=\/wp\/v2\/posts\/22098\/revisions"}],"predecessor-version":[{"id":22100,"href":"https:\/\/contraluzcucuta.co\/index.php?rest_route=\/wp\/v2\/posts\/22098\/revisions\/22100"}],"wp:featuredmedia":[{"embeddable":true,"href":"https:\/\/contraluzcucuta.co\/index.php?rest_route=\/wp\/v2\/media\/22099"}],"wp:attachment":[{"href":"https:\/\/contraluzcucuta.co\/index.php?rest_route=%2Fwp%2Fv2%2Fmedia&parent=22098"}],"wp:term":[{"taxonomy":"category","embeddable":true,"href":"https:\/\/contraluzcucuta.co\/index.php?rest_route=%2Fwp%2Fv2%2Fcategories&post=22098"},{"taxonomy":"post_tag","embeddable":true,"href":"https:\/\/contraluzcucuta.co\/index.php?rest_route=%2Fwp%2Fv2%2Ftags&post=22098"}],"curies":[{"name":"wp","href":"https:\/\/api.w.org\/{rel}","templated":true}]}}