{"id":22080,"date":"2014-07-23T22:06:31","date_gmt":"2014-07-24T03:06:31","guid":{"rendered":"http:\/\/contraluzcucuta.co\/?p=22080"},"modified":"2014-07-27T17:50:37","modified_gmt":"2014-07-27T22:50:37","slug":"encuentro-la-paz-la-construimos-todos","status":"publish","type":"post","link":"https:\/\/contraluzcucuta.co\/?p=22080","title":{"rendered":"ENCUENTRO. \u201cLa paz la construimos todos\u201d"},"content":{"rendered":"<p><b style=\"line-height: 1.5em;\">OCA\u00d1A.-<\/b><span style=\"line-height: 1.5em;\"> Norte de Santander, a lo largo de la historia reciente, ha sido una de las regiones m\u00e1s afectadas por la presencia de los grupos violentos. Hoy, hacen presencia guerrilleros de las Farc, el Eln y la \u00fanica disidencia del Epl, y las Bacrim.<\/span><\/p>\n<p>El an\u00e1lisis se present\u00f3 en el \u00a0segundo Encuentro de la Red de Alcaldes y Gobernadores, entre Norte de Santander y Cesar. La cita entre gobernantes locales y departamentales sirve como herramienta para la construcci\u00f3n de la paz en las regiones,\u00a0\u00a0 con la mesa de negociaci\u00f3n en la Habana (Cuba).<\/p>\n<p>\u201cLa paz la construimos entre todos. Las negociones en la Habana son el fin del conflicto\u201d, dijo el Alto Comisionado para la Paz, Sergio Jaramillo. El funcionario invit\u00f3 a los participantes a prepararse para el posconflicto y a construir planes con la comunidad, que permitan superar las condiciones adversas que ha dejado la guerra en Colombia.<\/p>\n<p>\u201cEn el contexto de lo que acordamos con las Farc, en el punto uno denominado \u2018Reforma Rural Integral\u2019, va a ser mucho m\u00e1s f\u00e1cil la puesta en marcha de los programas de desarrollo alternativo\u201d,\u00a0 indic\u00f3. Los procesos no deben imponerse, sino, por el contrario, deben ser de vital participaci\u00f3n a las comunidades.<\/p>\n<p>El\u00a0 viceministro de Relaciones Pol\u00edticas, del Ministerio del Interior, Juan Camilo Restrepo, habl\u00f3 de la importancia de articular los acuerdos que se logren en La Habana con el trabajo del Gobierno y las autoridades locales, como eje fundamental al fin del conflicto\u00a0 y la formaci\u00f3n de las nuevas generaciones de colombianos de paz.<\/p>\n<p>Durante el encuentro de Oca\u00f1a se hizo la presentaci\u00f3n oficial del portal www.redalcaldesygobernadores.gov.co, que permitir\u00e1 acceder a la informaci\u00f3n del proyecto, especialmente en lo relacionado con la forma de participar y las experiencias exitosas en materia de construcci\u00f3n de paz desde las regiones.<\/p>\n<p>El de Norte de Santander y Cesar es el segundo encuentro que adelanta la Red, luego del desarrollado, en abril, en Santander de Quilichao (Cauca), donde se reunieron alcaldes y gobernadores de Cauca y Valle del Cauca. <\/p>\n","protected":false},"excerpt":{"rendered":"<p>OCA\u00d1A.- Norte de Santander, a lo largo de la historia reciente, ha sido una de las regiones m\u00e1s afectadas por la presencia de los grupos violentos. Hoy, hacen presencia guerrilleros de las Farc, el Eln y la \u00fanica disidencia del Epl, y las Bacrim. El an\u00e1lisis se present\u00f3 en el \u00a0segundo Encuentro de la Red &hellip;<\/p>\n","protected":false},"author":1,"featured_media":22081,"comment_status":"open","ping_status":"open","sticky":false,"template":"","format":"standard","meta":{"footnotes":""},"categories":[556,6],"tags":[1005,1521],"class_list":["post-22080","post","type-post","status-publish","format-standard","has-post-thumbnail","hentry","category-departamento","category-ojo-avizor","tag-dialogos-en-la-habana","tag-la-paz-en-colombia"],"_links":{"self":[{"href":"https:\/\/contraluzcucuta.co\/index.php?rest_route=\/wp\/v2\/posts\/22080","targetHints":{"allow":["GET"]}}],"collection":[{"href":"https:\/\/contraluzcucuta.co\/index.php?rest_route=\/wp\/v2\/posts"}],"about":[{"href":"https:\/\/contraluzcucuta.co\/index.php?rest_route=\/wp\/v2\/types\/post"}],"author":[{"embeddable":true,"href":"https:\/\/contraluzcucuta.co\/index.php?rest_route=\/wp\/v2\/users\/1"}],"replies":[{"embeddable":true,"href":"https:\/\/contraluzcucuta.co\/index.php?rest_route=%2Fwp%2Fv2%2Fcomments&post=22080"}],"version-history":[{"count":1,"href":"https:\/\/contraluzcucuta.co\/index.php?rest_route=\/wp\/v2\/posts\/22080\/revisions"}],"predecessor-version":[{"id":22082,"href":"https:\/\/contraluzcucuta.co\/index.php?rest_route=\/wp\/v2\/posts\/22080\/revisions\/22082"}],"wp:featuredmedia":[{"embeddable":true,"href":"https:\/\/contraluzcucuta.co\/index.php?rest_route=\/wp\/v2\/media\/22081"}],"wp:attachment":[{"href":"https:\/\/contraluzcucuta.co\/index.php?rest_route=%2Fwp%2Fv2%2Fmedia&parent=22080"}],"wp:term":[{"taxonomy":"category","embeddable":true,"href":"https:\/\/contraluzcucuta.co\/index.php?rest_route=%2Fwp%2Fv2%2Fcategories&post=22080"},{"taxonomy":"post_tag","embeddable":true,"href":"https:\/\/contraluzcucuta.co\/index.php?rest_route=%2Fwp%2Fv2%2Ftags&post=22080"}],"curies":[{"name":"wp","href":"https:\/\/api.w.org\/{rel}","templated":true}]}}