{"id":22073,"date":"2014-07-23T20:35:17","date_gmt":"2014-07-24T01:35:17","guid":{"rendered":"http:\/\/contraluzcucuta.co\/?p=22073"},"modified":"2014-07-24T22:34:11","modified_gmt":"2014-07-25T03:34:11","slug":"analisis-es-hora-de-actuar","status":"publish","type":"post","link":"https:\/\/contraluzcucuta.co\/?p=22073","title":{"rendered":"AN\u00c1LISIS. Es hora de actuar"},"content":{"rendered":"<p><span style=\"line-height: 1.5em;\">Todos los d\u00edas nos llegan informes preocupantes de las diversas zonas en donde el conflicto pol\u00edtico social y armado se recrudeci\u00f3 con el paso del tiempo y en especial de la regi\u00f3n de donde somos oriundos, la de El Catatumbo, donde una multiplicidad de acontecimientos se sucede en forma precipitada y sin que exista ninguna opci\u00f3n real capaz de controlarlos. A los\u00a0 frecuentes atentados a la infraestructura petrolera, que tanto da\u00f1o hacen a los r\u00edos y a los acueductos veredales, se ha sumado la amenaza del secuestro y de la extorsi\u00f3n como modalidades delictivas.<\/span><\/p>\n<p>En un visionario reportaje que concedi\u00f3 el expresidente Ernesto Samper para la Revista MAXIMA, de C\u00facuta, fue claro en plantear que para que la zona de El Catatumbo pueda tener un franco y decisivo desarrollo en beneficio de los sectores sociales que lo integran es necesario crear un tipo de \u2018Plan Marshall\u2019, capaz de desarrollar las inmensas potencialidades de esta regi\u00f3n y lograr para la sufrida poblaci\u00f3n los \u00edndices de atenci\u00f3n m\u00e9dica y educativa que requiere, as\u00ed como las soluciones a los innumerables problemas que afectan el diario vivir. Las \u00faltimas declaraciones del expresidente Samper preocupan cuando deja ver que la comisi\u00f3n conformada para estos eventos no ha logrado el desarrollo ansiado por las dificultades de diversos \u00f3rdenes que acompa\u00f1an tan ambiciosa propuesta.<\/p>\n<p>Pas\u00f3 el tiempo de la elecci\u00f3n del presidente Santos para el segundo periodo. Los amantes de la paz y del desarrollo social incluyente logramos unir esfuerzos y brindarle al presidente Santos el amplio respaldo eleccionario que lo catapult\u00f3 para el periodo 2014-2018. Pero los colombianos preocupados por la suerte de la naci\u00f3n esperamos ejecuciones gubernamentales prontas y eficaces que permitan darle una salida racional a los innumerables desajustes sociales y econ\u00f3micos que presenta la sociedad. Estos desajustes requieren con prontitud, adem\u00e1s de un correcto manejo gubernamental, la ejecuci\u00f3n de una serie de medidas y presupuestos que sin tardanza comiencen a aliviar la vida cotidiana de los campesinos y de los sectores sociales en condiciones de pauperizaci\u00f3n.<\/p>\n<p>Hay que tener\u00a0 cuidado en no enredarnos para s\u00e9cula en los ires y venires de un complejo proceso de Paz. Independientemente a la urgencia de este, el Estado colombiano tiene que dar cumplimiento a los derechos humanos consagrados en la Constituci\u00f3n Pol\u00edtica de 1991 y que se articula a la vigencia de responder a los campesinos por tierra apta para los cultivos, semillas adecuadas para la producci\u00f3n y garantizarles correctas v\u00edas de comercializaci\u00f3n.<\/p>\n<p>Es aqu\u00ed donde comienza a verse la urgente necesidad de c\u00f3mo adelantar una reforma en el orden econ\u00f3mico que permita a los grandes sectores campesinos organizarse de manera solidaria y cooperativa, y producir desde estas formas econ\u00f3micas y no esperar exclusivamente la llegada de trasnacionales o grandes consorcios agr\u00edcolas para ver d\u00f3nde los campesinos articulan o venden\u00a0 la fuerza de trabajo.\u00a0\u00a0 Esta es una reforma urgente y vital para la sociedad colombiana y es hora de que el tema agrario se solucione, porque en la actualidad el pa\u00eds se comporta frente a esta tem\u00e1tica como un pa\u00eds pre-moderno, que no ha sido capaz de modificar la tenencia y el uso de la tierra, con verdaderos criterios democratizadores. Estas son las razones fundamentales por las cuales los colombianos, en su amplia mayor\u00eda, dimos el voto por el presidente Santos y no ser\u00eda correcto que estas ansiadas reformas sociales no tuvieran verdadera realizaci\u00f3n desde su mandato.<\/p>\n<p>Por encima de los di\u00e1logos con la insurgencia en La Habana y de los acuerdos de paz, el Estado colombiano tiene que hacer realidad las expectativas de mejoramiento social a que lo obliga la Constituci\u00f3n. Recuerdo a Hans Blumenthal, ex director de Fescol, quien dec\u00eda que el Estado colombiano estaba en mora de hacer la reforma pol\u00edtica, social y econ\u00f3mica, pero que sobre todo deb\u00eda emprender la reforma agraria, que tantos a\u00f1os lleva esperando.<\/p>\n<p>No podemos enfrascarnos\u00a0 en el tema de si la salida debe ser de \u2018derecha\u2019, de \u2018izquierda\u2019 o de \u2018tercera v\u00eda\u2019. Lo importante es entender que hay que hacer las reformas que el pa\u00eds necesita y que la gente pide a gritos. Por eso es importante actuar, no sea que los sectores sociales pierdan la fe y la esperanza que han expresado en los \u00faltimos tiempos y el Presidente corra el riesgo de quedarse solo. Pas\u00f3 algo parecido con el paro campesino, en el que el Presidente tuvo que salir a pedir perd\u00f3n. Para que esto no vuelva a ocurrir hay que actuar ahora.<\/p>\n<p><b>ALONSO OJEDA AWAD<\/b><\/p>\n<p><b>Ex\u00a0 embajador de Colombia<\/b><\/p>\n<p><b>Director programa Paz de la universidad Pedag\u00f3gica Nacional<\/b><\/p>\n<p>&nbsp; <\/p>\n","protected":false},"excerpt":{"rendered":"<p>Todos los d\u00edas nos llegan informes preocupantes de las diversas zonas en donde el conflicto pol\u00edtico social y armado se recrudeci\u00f3 con el paso del tiempo y en especial de la regi\u00f3n de donde somos oriundos, la de El Catatumbo, donde una multiplicidad de acontecimientos se sucede en forma precipitada y sin que exista ninguna &hellip;<\/p>\n","protected":false},"author":1,"featured_media":22074,"comment_status":"open","ping_status":"open","sticky":false,"template":"","format":"standard","meta":{"footnotes":""},"categories":[14,6],"tags":[1004],"class_list":["post-22073","post","type-post","status-publish","format-standard","has-post-thumbnail","hentry","category-articulistas","category-ojo-avizor","tag-alonso-ojeda-awad"],"_links":{"self":[{"href":"https:\/\/contraluzcucuta.co\/index.php?rest_route=\/wp\/v2\/posts\/22073","targetHints":{"allow":["GET"]}}],"collection":[{"href":"https:\/\/contraluzcucuta.co\/index.php?rest_route=\/wp\/v2\/posts"}],"about":[{"href":"https:\/\/contraluzcucuta.co\/index.php?rest_route=\/wp\/v2\/types\/post"}],"author":[{"embeddable":true,"href":"https:\/\/contraluzcucuta.co\/index.php?rest_route=\/wp\/v2\/users\/1"}],"replies":[{"embeddable":true,"href":"https:\/\/contraluzcucuta.co\/index.php?rest_route=%2Fwp%2Fv2%2Fcomments&post=22073"}],"version-history":[{"count":1,"href":"https:\/\/contraluzcucuta.co\/index.php?rest_route=\/wp\/v2\/posts\/22073\/revisions"}],"predecessor-version":[{"id":22075,"href":"https:\/\/contraluzcucuta.co\/index.php?rest_route=\/wp\/v2\/posts\/22073\/revisions\/22075"}],"wp:featuredmedia":[{"embeddable":true,"href":"https:\/\/contraluzcucuta.co\/index.php?rest_route=\/wp\/v2\/media\/22074"}],"wp:attachment":[{"href":"https:\/\/contraluzcucuta.co\/index.php?rest_route=%2Fwp%2Fv2%2Fmedia&parent=22073"}],"wp:term":[{"taxonomy":"category","embeddable":true,"href":"https:\/\/contraluzcucuta.co\/index.php?rest_route=%2Fwp%2Fv2%2Fcategories&post=22073"},{"taxonomy":"post_tag","embeddable":true,"href":"https:\/\/contraluzcucuta.co\/index.php?rest_route=%2Fwp%2Fv2%2Ftags&post=22073"}],"curies":[{"name":"wp","href":"https:\/\/api.w.org\/{rel}","templated":true}]}}