{"id":22055,"date":"2014-07-21T23:00:18","date_gmt":"2014-07-22T04:00:18","guid":{"rendered":"http:\/\/contraluzcucuta.co\/?p=22055"},"modified":"2014-07-23T21:39:39","modified_gmt":"2014-07-24T02:39:39","slug":"desfile-militar-saludos-a-la-bandera-el-20-de-julio","status":"publish","type":"post","link":"https:\/\/contraluzcucuta.co\/?p=22055","title":{"rendered":"DESFILE MILITAR. Saludos a la bandera, el 20 de julio"},"content":{"rendered":"<p><b style=\"line-height: 1.5em;\">C\u00daCUTA.-<\/b><span style=\"line-height: 1.5em;\"> Los nortesantandereanos saludaron la bandera el 20 de julio para conmemorar los 204 a\u00f1os del Grito de la Independencia. En varios municipios se llevaron a cabo desfiles para exaltar el patriotismo nacional y el amor por los s\u00edmbolos.<\/span><\/p>\n<p>En C\u00facuta, Los Patios, Oca\u00f1a, Pamplona y Villa del Rosario, especialmente, los estamentos civiles y uniformados recorrieron las calles para mostrar el sentimiento de civismo que embarga a las comunidades en el departamento.<\/p>\n<p>Veinte mil patienses se apostaron en la Avenida 10 del municipio \u00a0para observar el desfile militar, presidido por el gobernador Edgar D\u00edaz y las autoridades civiles regionales.<\/p>\n<p>M\u00e1s de 1500 hombres y mujeres de la Trig\u00e9sima Brigada del Ej\u00e9rcito, Polic\u00eda, Defensa Civil, Instituto Nacional Penitenciario y Carcelario, Migraci\u00f3n Colombia y Cuerpo de Bomberos pasaron frente a los ciudadanos que le madrugaron a la conmemoraci\u00f3n.<\/p>\n<p>Los cucute\u00f1os se volcaron a El Malec\u00f3n para presenciar el desfile c\u00edvico-militar. El alcalde Donamaris Ram\u00edrez reconoci\u00f3 que esta es una muestra de que C\u00facuta vive las fiestas patrias. Hombres del Ej\u00e9rcito, Polic\u00eda, Defensa Civil y Bomberos transitaron por la Avenida Los Libertadores.<\/p>\n<p>El recorrido comenz\u00f3 en el puente Francisco de Paula Andrade Troconis y termin\u00f3 metros adelante del remodelado Teatro Las Cascadas. El paso de los uniformados \u00a0despert\u00f3 sentimientos de admiraci\u00f3n. Los tanques Urut\u00fa y Cascabel, las fuerzas especiales, las motos y las patrullas inteligentes se ganaron los aplausos de ni\u00f1os y adultos.<\/p>\n<p>Las bandas de paz de los colegios oficiales pusieron a marchar a los Bomberos Voluntarios y la Defensa Civil, que mostraron a la ciudadan\u00eda los equipos de salvamento y rescate. Los carros apaga fuegos lanzaron chorros de agua para refrescar a la multitud, agobiada por el calor.<\/p>\n<p>La Banda Show de Villa del Rosario deleit\u00f3 a la multitud y mostr\u00f3 por qu\u00e9 es catalogada como una de las mejores del pa\u00eds y la frontera. La comparsa de los trajes de la \u00e9poca de la independencia y la caravana de carros antiguos acompa\u00f1aron el desfile.<\/p>\n<p>El grupo antinarc\u00f3ticos de la Polic\u00eda le entreg\u00f3 al alcalde Ram\u00edrez la medalla de reconocimiento por el apoyo recibido. A lo largo de las horas, los cucute\u00f1os regresaron a casa satisfechos por haber presenciado el espect\u00e1culo c\u00edvico militar.<\/p>\n<p>&nbsp; <\/p>\n","protected":false},"excerpt":{"rendered":"<p>C\u00daCUTA.- Los nortesantandereanos saludaron la bandera el 20 de julio para conmemorar los 204 a\u00f1os del Grito de la Independencia. En varios municipios se llevaron a cabo desfiles para exaltar el patriotismo nacional y el amor por los s\u00edmbolos. En C\u00facuta, Los Patios, Oca\u00f1a, Pamplona y Villa del Rosario, especialmente, los estamentos civiles y uniformados &hellip;<\/p>\n","protected":false},"author":1,"featured_media":22056,"comment_status":"open","ping_status":"open","sticky":false,"template":"","format":"standard","meta":{"footnotes":""},"categories":[556,32],"tags":[95,1508],"class_list":["post-22055","post","type-post","status-publish","format-standard","has-post-thumbnail","hentry","category-departamento","category-recorrido-por-la-region","tag-20-de-julio","tag-desfile-militar"],"_links":{"self":[{"href":"https:\/\/contraluzcucuta.co\/index.php?rest_route=\/wp\/v2\/posts\/22055","targetHints":{"allow":["GET"]}}],"collection":[{"href":"https:\/\/contraluzcucuta.co\/index.php?rest_route=\/wp\/v2\/posts"}],"about":[{"href":"https:\/\/contraluzcucuta.co\/index.php?rest_route=\/wp\/v2\/types\/post"}],"author":[{"embeddable":true,"href":"https:\/\/contraluzcucuta.co\/index.php?rest_route=\/wp\/v2\/users\/1"}],"replies":[{"embeddable":true,"href":"https:\/\/contraluzcucuta.co\/index.php?rest_route=%2Fwp%2Fv2%2Fcomments&post=22055"}],"version-history":[{"count":1,"href":"https:\/\/contraluzcucuta.co\/index.php?rest_route=\/wp\/v2\/posts\/22055\/revisions"}],"predecessor-version":[{"id":22057,"href":"https:\/\/contraluzcucuta.co\/index.php?rest_route=\/wp\/v2\/posts\/22055\/revisions\/22057"}],"wp:featuredmedia":[{"embeddable":true,"href":"https:\/\/contraluzcucuta.co\/index.php?rest_route=\/wp\/v2\/media\/22056"}],"wp:attachment":[{"href":"https:\/\/contraluzcucuta.co\/index.php?rest_route=%2Fwp%2Fv2%2Fmedia&parent=22055"}],"wp:term":[{"taxonomy":"category","embeddable":true,"href":"https:\/\/contraluzcucuta.co\/index.php?rest_route=%2Fwp%2Fv2%2Fcategories&post=22055"},{"taxonomy":"post_tag","embeddable":true,"href":"https:\/\/contraluzcucuta.co\/index.php?rest_route=%2Fwp%2Fv2%2Ftags&post=22055"}],"curies":[{"name":"wp","href":"https:\/\/api.w.org\/{rel}","templated":true}]}}