{"id":22052,"date":"2014-07-21T22:55:22","date_gmt":"2014-07-22T03:55:22","guid":{"rendered":"http:\/\/contraluzcucuta.co\/?p=22052"},"modified":"2014-07-23T20:18:03","modified_gmt":"2014-07-24T01:18:03","slug":"testimonio-once-anos-en-busca-de-mi-hijo","status":"publish","type":"post","link":"https:\/\/contraluzcucuta.co\/?p=22052","title":{"rendered":"TESTIMONIO. \u201cOnce a\u00f1os en busca de mi hijo\u201d"},"content":{"rendered":"<p><b style=\"line-height: 1.5em;\">C\u00daCUTA.-<\/b><span style=\"line-height: 1.5em;\"> El 18 de julio, quedar\u00e1 en la memoria de las familias de 10 desaparecidos de manera forzada (dos menores de edad). La mayor\u00eda de los casos corresponden a acciones de paramilitares del bloque Catatumbo. Ahora, \u00a0podr\u00e1n descansar despu\u00e9s de muchos a\u00f1os de larga b\u00fasqueda, de andar y desandar por las oficinas gubernamentales a la espera de una respuesta positiva a las peticiones de conocer el paradero de los seres queridos y de la aplicaci\u00f3n de justicia a los responsables de los cr\u00edmenes.<\/span><\/p>\n<p>A las 10:00 de la ma\u00f1ana, las familias reunidas en el Hotel Tonchal\u00e1 (C\u00facuta) escucharon con atenci\u00f3n las palabras de Henry Oscar Contreras Chac\u00f3n, Fiscal 174 Seccional, adscrito al Grupo de Exhumaciones C. Mencionaba la importancia de la verdad y la justicia para dar una voz de aliento a los presentes y rendir homenaje a los fallecidos.<\/p>\n<p>Luego, Socorro M\u00e9ndez Dur\u00e1n, madre de una de las v\u00edctimas, valientemente tom\u00f3 la palabra y con la voz entrecortada relat\u00f3 los a\u00f1os de incertidumbre por los que pas\u00f3 a la espera de su hijo.<\/p>\n<p>\u201cGracias Se\u00f1or, gracias Padre Sant\u00edsimo. Once a\u00f1os padec\u00ed hasta que me dio la oportunidad de reunirme con mi hijo\u201d, dijo. La lucha de esta mujer no termina aqu\u00ed. Sigue en la b\u00fasqueda del otro hijo que desapareci\u00f3 hace 10 a\u00f1os.<\/p>\n<p>Hasta el momento, en Norte de Santander se han entregado 120 cuerpos, de un poco m\u00e1s de 200 delitos confesados por paramilitares detenidos en la c\u00e1rcel de C\u00facuta.<\/p>\n<p>Entre tanto, las miles de denuncias por desaparici\u00f3n forzada ante la Fiscal\u00eda General de la Naci\u00f3n contin\u00faan engavetadas en los despachos judiciales de la Unidad Contra el Desplazamiento y la Desaparici\u00f3n Forzada de la Fiscal\u00eda Seccional de Norte de Santander.<\/p>\n<p>Alberto Rojas, coordinador departamental de la Mesa de Participaci\u00f3n de V\u00edctimas, resalt\u00f3 la relevancia del suceso. \u201cEstos eventos son important\u00edsimos para las v\u00edctimas, para las personas, para los familiares, pero son a medias, porque no hay una verdad clara de lo sucedido, simplemente se les entregan los restos y no hay una verdad clara\u201d.<\/p>\n<p>Al final del acto, y en medio de abrazos y l\u00e1grimas, los familiares recibieron los restos con dolor inmenso, pero con la tranquilidad que deja el saber que la persistencia en la b\u00fasqueda dio resultados y que a partir de hoy los seres amados regresan a la familia.<\/p>\n<p><b>Fundaci\u00f3n Progresar C\u00facuta<\/b><\/p>\n<p><a href=\"http:\/\/fundacionprogresarcuc.blogspot.com\/2014\/07\/familias-reciben-restos-oseos.html\"><b>http:\/\/fundacionprogresarcuc.blogspot.com\/2014\/07\/familias-reciben-restos-oseos.html<\/b><\/a><b><\/b><\/p>\n<p><b>\u00a0<\/b> <\/p>\n","protected":false},"excerpt":{"rendered":"<p>C\u00daCUTA.- El 18 de julio, quedar\u00e1 en la memoria de las familias de 10 desaparecidos de manera forzada (dos menores de edad). La mayor\u00eda de los casos corresponden a acciones de paramilitares del bloque Catatumbo. Ahora, \u00a0podr\u00e1n descansar despu\u00e9s de muchos a\u00f1os de larga b\u00fasqueda, de andar y desandar por las oficinas gubernamentales a la &hellip;<\/p>\n","protected":false},"author":1,"featured_media":22053,"comment_status":"open","ping_status":"open","sticky":false,"template":"","format":"standard","meta":{"footnotes":""},"categories":[5,6],"tags":[831],"class_list":["post-22052","post","type-post","status-publish","format-standard","has-post-thumbnail","hentry","category-justicia-transicional","category-ojo-avizor","tag-fundacion-progresar-cucuta"],"_links":{"self":[{"href":"https:\/\/contraluzcucuta.co\/index.php?rest_route=\/wp\/v2\/posts\/22052","targetHints":{"allow":["GET"]}}],"collection":[{"href":"https:\/\/contraluzcucuta.co\/index.php?rest_route=\/wp\/v2\/posts"}],"about":[{"href":"https:\/\/contraluzcucuta.co\/index.php?rest_route=\/wp\/v2\/types\/post"}],"author":[{"embeddable":true,"href":"https:\/\/contraluzcucuta.co\/index.php?rest_route=\/wp\/v2\/users\/1"}],"replies":[{"embeddable":true,"href":"https:\/\/contraluzcucuta.co\/index.php?rest_route=%2Fwp%2Fv2%2Fcomments&post=22052"}],"version-history":[{"count":1,"href":"https:\/\/contraluzcucuta.co\/index.php?rest_route=\/wp\/v2\/posts\/22052\/revisions"}],"predecessor-version":[{"id":22054,"href":"https:\/\/contraluzcucuta.co\/index.php?rest_route=\/wp\/v2\/posts\/22052\/revisions\/22054"}],"wp:featuredmedia":[{"embeddable":true,"href":"https:\/\/contraluzcucuta.co\/index.php?rest_route=\/wp\/v2\/media\/22053"}],"wp:attachment":[{"href":"https:\/\/contraluzcucuta.co\/index.php?rest_route=%2Fwp%2Fv2%2Fmedia&parent=22052"}],"wp:term":[{"taxonomy":"category","embeddable":true,"href":"https:\/\/contraluzcucuta.co\/index.php?rest_route=%2Fwp%2Fv2%2Fcategories&post=22052"},{"taxonomy":"post_tag","embeddable":true,"href":"https:\/\/contraluzcucuta.co\/index.php?rest_route=%2Fwp%2Fv2%2Ftags&post=22052"}],"curies":[{"name":"wp","href":"https:\/\/api.w.org\/{rel}","templated":true}]}}