{"id":22049,"date":"2014-07-21T22:41:44","date_gmt":"2014-07-22T03:41:44","guid":{"rendered":"http:\/\/contraluzcucuta.co\/?p=22049"},"modified":"2014-07-24T18:20:28","modified_gmt":"2014-07-24T23:20:28","slug":"exposicion-vuelve-cucuta-sobre-ruedas","status":"publish","type":"post","link":"https:\/\/contraluzcucuta.co\/?p=22049","title":{"rendered":"EXPOSICI\u00d3N. Vuelve  &#8216;C\u00facuta sobre ruedas&#8217;"},"content":{"rendered":"<p><b style=\"line-height: 1.5em;\">C\u00daCUTA.-<\/b><span style=\"line-height: 1.5em;\"> La Federaci\u00f3n Nacional de Comerciantes (Fenalco), Norte de Santander, organiza\u00a0 la sexta versi\u00f3n de la exposici\u00f3n \u2018C\u00facuta sobre ruedas\u2019. En esta ocasi\u00f3n, la actividad se cumplir\u00e1, del 24 al 27 de julio, en el centro Comercial Unicentro.<\/span><\/p>\n<p>La muestra de veh\u00edculos, sin lugar a dudas, se ha convertido en el referente m\u00e1s importante para comprar\u00a0 carro o moto en la ciudad.<\/p>\n<p>Directivos del gremio manifestaron que est\u00e1n confirmadas las marcas de veh\u00edculos Chevrolet, Ford,\u00a0 Toyota, Renault,\u00a0 Mazda, KIA, Cinascar, Fiat, Hiunday, Dodge, Jeep, Geely, Great Wall, RAM, Volkswagen\u00a0\u00a0 y JAC,\u00a0 y de motos Yamaha, AKT\u00a0 y\u00a0 Suzuki.<\/p>\n<p>Los visitantes\u00a0 a la feria\u00a0 podr\u00e1n presentar el <i>test drive<\/i> de la marca favorita y salir con\u00a0 un cr\u00e9dito preaprobado\u00a0 con las entidades financieras\u00a0 que trabajan con las diferentes empresas automotrices.<\/p>\n<p>Gladys Navarro, directora de Fenalco, asegur\u00f3 que nunca antes las entidades financieras hab\u00edan ofrecido tasas tan competitivas para comprar veh\u00edculo, lo que ha hecho que este sector tenga una din\u00e1mica importante.<\/p>\n<p>Cada\u00a0 d\u00eda los cucute\u00f1os podr\u00e1n acceder a veh\u00edculos\u00a0 colombianos con garant\u00edas, financiaci\u00f3n y valores agregados para la compra.<\/p>\n<p>\u2018C\u00facuta sobre ruedas\u2019 insistir\u00e1 en el mensaje de Responsabilidad Social Empresarial: \u2018Comprometidos con la vida, aplicando inteligencia vial\u2019.<\/p>\n<p>Se espera\u00a0 que la sexta versi\u00f3n logre\u00a0 mover las ventas de veh\u00edculos en la ciudad para el segundo semestre del a\u00f1o. Seg\u00fan encuesta de econometr\u00eda para Fenalco y la Andi,\u00a0\u00a0 en junio, hubo un crecimiento del 1,8 por ciento en las ventas \u00a0frente a junio del 2013. El acumulado\u00a0\u00a0 del 2014 registra un crecimiento del 5,3 por ciento\u00a0\u00a0 con respecto al 2013.<\/p>\n<p>De acuerdo con las cifras, y seg\u00fan proyecciones de especialistas, \u00a0al culminar este a\u00f1o se vender\u00e1n en Colombia\u00a0 300.000 nuevas unidades de\u00a0 veh\u00edculos. Se espera que C\u00facuta tenga una participaci\u00f3n en este mercado, mayor al 1,5 por ciento.<\/p>\n<p>Fenalco invit\u00f3\u00a0 a los cucute\u00f1os para que participen en la exposici\u00f3n\u00a0\u00a0 y conozcan los nuevos modelos que las marcas\u00a0 participantes presentar\u00e1n en \u2018C\u00facuta sobre ruedas\u2019.<\/p>\n<p>&nbsp; <\/p>\n","protected":false},"excerpt":{"rendered":"<p>C\u00daCUTA.- La Federaci\u00f3n Nacional de Comerciantes (Fenalco), Norte de Santander, organiza\u00a0 la sexta versi\u00f3n de la exposici\u00f3n \u2018C\u00facuta sobre ruedas\u2019. En esta ocasi\u00f3n, la actividad se cumplir\u00e1, del 24 al 27 de julio, en el centro Comercial Unicentro. La muestra de veh\u00edculos, sin lugar a dudas, se ha convertido en el referente m\u00e1s importante para &hellip;<\/p>\n","protected":false},"author":1,"featured_media":22085,"comment_status":"open","ping_status":"open","sticky":false,"template":"","format":"standard","meta":{"footnotes":""},"categories":[541,45],"tags":[1516,378],"class_list":["post-22049","post","type-post","status-publish","format-standard","has-post-thumbnail","hentry","category-ciudad","category-destacado","tag-cucuta-sobre-ruedas","tag-fenalco"],"_links":{"self":[{"href":"https:\/\/contraluzcucuta.co\/index.php?rest_route=\/wp\/v2\/posts\/22049","targetHints":{"allow":["GET"]}}],"collection":[{"href":"https:\/\/contraluzcucuta.co\/index.php?rest_route=\/wp\/v2\/posts"}],"about":[{"href":"https:\/\/contraluzcucuta.co\/index.php?rest_route=\/wp\/v2\/types\/post"}],"author":[{"embeddable":true,"href":"https:\/\/contraluzcucuta.co\/index.php?rest_route=\/wp\/v2\/users\/1"}],"replies":[{"embeddable":true,"href":"https:\/\/contraluzcucuta.co\/index.php?rest_route=%2Fwp%2Fv2%2Fcomments&post=22049"}],"version-history":[{"count":1,"href":"https:\/\/contraluzcucuta.co\/index.php?rest_route=\/wp\/v2\/posts\/22049\/revisions"}],"predecessor-version":[{"id":22051,"href":"https:\/\/contraluzcucuta.co\/index.php?rest_route=\/wp\/v2\/posts\/22049\/revisions\/22051"}],"wp:featuredmedia":[{"embeddable":true,"href":"https:\/\/contraluzcucuta.co\/index.php?rest_route=\/wp\/v2\/media\/22085"}],"wp:attachment":[{"href":"https:\/\/contraluzcucuta.co\/index.php?rest_route=%2Fwp%2Fv2%2Fmedia&parent=22049"}],"wp:term":[{"taxonomy":"category","embeddable":true,"href":"https:\/\/contraluzcucuta.co\/index.php?rest_route=%2Fwp%2Fv2%2Fcategories&post=22049"},{"taxonomy":"post_tag","embeddable":true,"href":"https:\/\/contraluzcucuta.co\/index.php?rest_route=%2Fwp%2Fv2%2Ftags&post=22049"}],"curies":[{"name":"wp","href":"https:\/\/api.w.org\/{rel}","templated":true}]}}