{"id":22046,"date":"2014-07-21T22:35:24","date_gmt":"2014-07-22T03:35:24","guid":{"rendered":"http:\/\/contraluzcucuta.co\/?p=22046"},"modified":"2014-07-23T16:53:20","modified_gmt":"2014-07-23T21:53:20","slug":"opinion-la-patria-boba-segunda-parte","status":"publish","type":"post","link":"https:\/\/contraluzcucuta.co\/?p=22046","title":{"rendered":"OPINI\u00d3N. La Patria Boba \u00bfsegunda parte?"},"content":{"rendered":"<p><span style=\"line-height: 1.5em;\">204 a\u00f1os despu\u00e9s de que el florero de Llorente estallara en pedazos, la idea de un pa\u00eds libre y aut\u00f3nomo es a\u00fan una utop\u00eda. El 20 de julio de 1810, luego del plan fraguado por los m\u00e1rtires de la patria Camilo Torres, Jos\u00e9 Acevedo y G\u00f3mez y Jorge Tadeo Lozano, entre otros, se llev\u00f3 a cabo lo que se conoce como la reyerta, que se desarroll\u00f3 en Santa Fe y dio origen a la firma del acta que sirvi\u00f3 de umbral para un incierto proceso pol\u00edtico para llegar a la independencia.<\/span><\/p>\n<p>Hagamos un breve repaso de c\u00f3mo se dieron los hechos en Santa Fe, el viernes 20 de julio de 1810, hechos que acontecieron en el centro del poder colonial del Virreinato de la Nueva Granada, con el arresto del virrey Antonio Amar y Borb\u00f3n, por parte de guerrillas conformadas por el pueblo criollo. Con ello se control\u00f3 gran parte del territorio de la Nueva Granada en donde gobernaba la corona espa\u00f1ola.<\/p>\n<p>Dado esto, se dio una de las \u00e9pocas m\u00e1s humillantes y vergonzosas de la historia, la \u2018Patria Boba\u2019. Durante seis a\u00f1os cada provincia proclam\u00f3 su autoridad, cada aldea ten\u00eda junta independiente y soberana, detonante para disputas y enfrentamientos \u00a0entre federalistas y centralistas, los cuales ten\u00edan opiniones diferentes, pero el mismo prop\u00f3sito, liberar a la Nueva Granada de Espa\u00f1a. Aunque los intereses particulares y la ambici\u00f3n pudieron m\u00e1s. Despu\u00e9s, ya saben qu\u00e9 pas\u00f3.<\/p>\n<p>Dicen que lo que empieza mal, termina mal o sigue mal. Pues se ve que en 1810 los derechos de los criollos eran vulnerados y quebrantados por los espa\u00f1oles, no ten\u00edan acceso a la educaci\u00f3n ni a la salud, y eran v\u00edctimas de desplazamiento, de desprecio y de estigmatizaci\u00f3n. Es aqu\u00ed cuando surge el interrogante \u00bfqu\u00e9 diferencia hay 204 a\u00f1os despu\u00e9s?<\/p>\n<p>Esto puede herir susceptibilidades, irritar a unos y enfurecer a otros, pero es una de las dudas que siempre quedan en el aire cuando se habla de independencia y brota un nuevo enigma \u00bfcu\u00e1l independencia? Los llamados \u2018padres de la patria\u2019, que encabezaron la pugna del 20 de julio de 1810 para liberar la Nueva Granada del yugo espa\u00f1ol, tuvieron una idea de libertad que dos siglos despu\u00e9s no se avista.<\/p>\n<p>Todo\u00a0 indica que estamos ante la segunda parte de la Patria Boba. \u00bfPor qu\u00e9 boba? Siglos despu\u00e9s, en Colombia se padecen cientos de problemas similares a las que viv\u00edan los ancestros. La desnutrici\u00f3n, que seg\u00fan el Programa Mundial de Alimentos (PMA) al ano cobra m\u00e1s de 2000 vidas, sumado a la falta de pol\u00edticas p\u00fablicas suficientes para combatir el fen\u00f3meno que afecta a m\u00e1s de seis millones de colombianos; la pobreza, que afecta a m\u00e1s del 45 % de los colombianos, y el desplazamiento forzado por parte de actores armados de diferente bandos, que en disputas por territorios estrat\u00e9gicos para los negocios il\u00edcitos aumentan este c\u00e1ustico contexto a tal punto de llegar a m\u00e1s de cinco millones de desplazados en el pa\u00eds, seg\u00fan cifras de \u00a0la Consultor\u00eda para los Derechos Humanos y el Desplazamiento, fen\u00f3meno que coincide con la alarmante situaci\u00f3n de desequilibrio econ\u00f3mico en el que las causas de la violencia se agudizan con los desencajes sociales causados por el aumento de la pobreza y diferentes formas de exclusi\u00f3n como el desempleo, la informalidad y la marginalidad.<\/p>\n<p>\u00bfQu\u00e9 pol\u00edticas serias ha tomado el Gobierno para contrarrestar la crisis socio-econ\u00f3mica en el pa\u00eds? Hasta ahora solo se ve el af\u00e1n de firmas tratados de libre comercio, que desequilibran las econom\u00edas, porque resulta imposible para peque\u00f1os y medianos industriales del pa\u00eds competir contra econom\u00edas desarrolladas y emergentes. Con esto queda claro que no es estar en contra de la liberaci\u00f3n e integraci\u00f3n comercial, la globalizaci\u00f3n y la inversi\u00f3n extrajera, pues estimulan el crecimiento econ\u00f3mico de los pa\u00edses, el problema es cuando resultamos como v\u00edctimas de nuestros inventos y salimos damnificados.<\/p>\n<p>Adem\u00e1s, seguimos gobernados por pol\u00edticos mezquinos, b\u00e1rbaros y despiadados\u00a0 \u00a0\u00a0\u00a0-como pasaba en la colonia- que se encargan de desangrar el pa\u00eds para obtener beneficios individuales y saciar el hambre de poder y codicia, condici\u00f3n inversamente proporcional al desarrollo econ\u00f3mico y social del pa\u00eds.<\/p>\n<p>B\u00e1sicamente, vivimos circunstancias similares a las de hace 204 a\u00f1os, con un plus adicional, los problemas socio-econ\u00f3mico-pol\u00edticos de la actualidad dejan mal parados en comparaci\u00f3n con los ancestros, debido a que el mundo avanza, se desarrolla, se globaliza y muchos colombianos a\u00fan mueren de f\u00edsica hambre. \u00bfQui\u00e9n vendr\u00e1 por la reconquista?<\/p>\n<p>Esto no significa que no se sienta el orgulloso de ser colombianos, de ver la tricolor izada en las ventanas de cada pueblo, de escuchar \u00a0las hermosas notas del himno nacional, de saber que tenemos los paisajes naturales m\u00e1s bellos del mundo, de las magnas riquezas minerales, de las lindas mujeres, de la sabrosura de la gente y de saber que la selecci\u00f3n nacional de f\u00fatbol\u00a0es la cuarta mejor del mundo. Es s\u00f3lo cuesti\u00f3n de reflexionar y comprender qu\u00e9 pas\u00f3 con la libertad, la soberan\u00eda y la tierra por la que muchos entregaron la vida en las revueltas independentistas despu\u00e9s de romper el jarr\u00f3n del chapet\u00f3n.<\/p>\n<p><b>ELIBARDO LE\u00d3N ESTEVEZ<\/b><\/p>\n<p><b>\u00a0<\/b><a href=\"mailto:eleones89@hotmail.com\"><b>eleones89@hotmail.com<\/b><\/a><b><\/b><\/p>\n<p>&nbsp; <\/p>\n","protected":false},"excerpt":{"rendered":"<p>204 a\u00f1os despu\u00e9s de que el florero de Llorente estallara en pedazos, la idea de un pa\u00eds libre y aut\u00f3nomo es a\u00fan una utop\u00eda. El 20 de julio de 1810, luego del plan fraguado por los m\u00e1rtires de la patria Camilo Torres, Jos\u00e9 Acevedo y G\u00f3mez y Jorge Tadeo Lozano, entre otros, se llev\u00f3 a &hellip;<\/p>\n","protected":false},"author":1,"featured_media":22047,"comment_status":"open","ping_status":"open","sticky":false,"template":"","format":"standard","meta":{"footnotes":""},"categories":[14,36],"tags":[95,1515],"class_list":["post-22046","post","type-post","status-publish","format-standard","has-post-thumbnail","hentry","category-articulistas","category-la-voz-del-pueblo","tag-20-de-julio","tag-patria-boba"],"_links":{"self":[{"href":"https:\/\/contraluzcucuta.co\/index.php?rest_route=\/wp\/v2\/posts\/22046","targetHints":{"allow":["GET"]}}],"collection":[{"href":"https:\/\/contraluzcucuta.co\/index.php?rest_route=\/wp\/v2\/posts"}],"about":[{"href":"https:\/\/contraluzcucuta.co\/index.php?rest_route=\/wp\/v2\/types\/post"}],"author":[{"embeddable":true,"href":"https:\/\/contraluzcucuta.co\/index.php?rest_route=\/wp\/v2\/users\/1"}],"replies":[{"embeddable":true,"href":"https:\/\/contraluzcucuta.co\/index.php?rest_route=%2Fwp%2Fv2%2Fcomments&post=22046"}],"version-history":[{"count":1,"href":"https:\/\/contraluzcucuta.co\/index.php?rest_route=\/wp\/v2\/posts\/22046\/revisions"}],"predecessor-version":[{"id":22048,"href":"https:\/\/contraluzcucuta.co\/index.php?rest_route=\/wp\/v2\/posts\/22046\/revisions\/22048"}],"wp:featuredmedia":[{"embeddable":true,"href":"https:\/\/contraluzcucuta.co\/index.php?rest_route=\/wp\/v2\/media\/22047"}],"wp:attachment":[{"href":"https:\/\/contraluzcucuta.co\/index.php?rest_route=%2Fwp%2Fv2%2Fmedia&parent=22046"}],"wp:term":[{"taxonomy":"category","embeddable":true,"href":"https:\/\/contraluzcucuta.co\/index.php?rest_route=%2Fwp%2Fv2%2Fcategories&post=22046"},{"taxonomy":"post_tag","embeddable":true,"href":"https:\/\/contraluzcucuta.co\/index.php?rest_route=%2Fwp%2Fv2%2Ftags&post=22046"}],"curies":[{"name":"wp","href":"https:\/\/api.w.org\/{rel}","templated":true}]}}