{"id":22043,"date":"2014-07-19T22:27:39","date_gmt":"2014-07-20T03:27:39","guid":{"rendered":"http:\/\/contraluzcucuta.co\/?p=22043"},"modified":"2014-07-21T23:09:07","modified_gmt":"2014-07-22T04:09:07","slug":"entrevista-hunter-el-pulpito-colombiano-hecho-en-cucuta","status":"publish","type":"post","link":"https:\/\/contraluzcucuta.co\/?p=22043","title":{"rendered":"ENTREVISTA. Hunter, \u2018El pulpito colombiano\u2019 hecho en C\u00facuta"},"content":{"rendered":"<p><b style=\"line-height: 1.5em;\">C\u00daCUTA.-<\/b><span style=\"line-height: 1.5em;\"> Diecis\u00e9is a\u00f1os debieron pasar para que Hunter, como miles de colombianos, asistiera a un mundial de f\u00fatbol con la camiseta amarilla para acompa\u00f1ar a la selecci\u00f3n nacional. Ahora, guarda el recuerdo en la cartera como un tesoro. Vio 12 partidos en Brasil 2014 y tiene las boletas para comprobarlo.<\/span><\/p>\n<p>Sin embargo, no hace falta que saque los recortes de las entradas, ni que jure para creerle. La televisi\u00f3n brasile\u00f1a se encarg\u00f3 de mostrarlo al mundo y de convertirlo en el embajador itinerante de Colombia en la tierra de Pel\u00e9, Tostao, Jairsinho, Gerson y Garrincha.<\/p>\n<p>Al regreso a casa se lo ve rozagante, llen\u00f3 de felicidad y \u201corgulloso por representar a mi C\u00facuta\u201d. Luce el vestido que lo lanz\u00f3 al estrellato y que le permiti\u00f3 \u2018robar pantalla\u2019 en cada encuentro. Las c\u00e1maras lo buscaban y lo encontraban con el traje tricolor, la bandera y la copa.<\/p>\n<p>La emoci\u00f3n lo embarga al echar el cuento brasile\u00f1o, que comenz\u00f3 el d\u00eda de la inauguraci\u00f3n y termin\u00f3 en la final Alemania-Argentina (1-0). Para evitar sobresaltos llev\u00f3 los pasajes a\u00e9reos comprados, las entradas diligenciadas con la Fifa y algunos d\u00f3lares de m\u00e1s para los gastos cotidianos. En el viaje invirti\u00f3 los ahorros de a\u00f1os de trabajo constante. \u00a0Las \u00fanicas boletas que le costaron caro a Hunter fueron las de la semifinal y la final.<\/p>\n<p>\u201cSud\u00e1frica fue mi primer Mundial\u201d, record\u00f3. Hace cuatro a\u00f1os, se aventur\u00f3 a cruzar el globo terr\u00e1queo para llegar a la sede del torneo orbital y lo consigui\u00f3. En ese entonces un pulpo se convirti\u00f3 en figura internacional al adivinar los ganadores de los partidos. De ah\u00ed le surgi\u00f3 una idea. En ese momento, a manera de autojuramento, se dijo que en Colombia deb\u00eda haber un pulpito criollo.<\/p>\n<p>Dise\u00f1\u00f3 el mu\u00f1eco, le puso ocho tent\u00e1culos, por el peso los baj\u00f3 a cuatro. Los colores l\u00f3gicos, amarillo, azul y rojo. Los ojos saltones hacen que algunos lo confundan con un sapo. As\u00ed naci\u00f3 la figura que lo ha convertido en icono de la afici\u00f3n colombiana.<\/p>\n<p>Darse estos lujos futbol\u00edsticos tiene un valor econ\u00f3mico alto. \u201cCuesta mucho. Me cost\u00f3 entre $ 28 millones y $ 30 millones\u201d. Y tiene el ejemplo de una pareja con la que comparti\u00f3 en Brasil. El viaje les cost\u00f3 $ 100 millones. Otro joven le cont\u00f3 que empe\u00f1\u00f3 la casa por $ 28 millones para cumplir el sue\u00f1o de asistir a un Mundial.<\/p>\n<p>La gente al verlo se admiraba de este hombre llegado de C\u00facuta y amante del f\u00fatbol como el que m\u00e1s. Se preguntaban c\u00f3mo hac\u00eda para estar hoy en una ciudad y ma\u00f1ana verlo sonriente y agitado en otro estadio, en otro partido.<\/p>\n<p>Entre los recuerdos imborrables est\u00e1 la inauguraci\u00f3n, \u201cfue grande y sal\u00ed en las pantallas\u201d. Qued\u00f3 impresionado con el espect\u00e1culo de la final, \u201csal\u00ed en la pantalla y en el video de la Fifa\u201d. Im\u00e1genes que lleva en el coraz\u00f3n. \u201cNo lo hago con inter\u00e9s\u201d.<\/p>\n<p>En los estadios aprovech\u00f3 cada instante para saludar a figuras de otras nacionalidades y a los colombianos Valderrama, Aspirlla, Aristiz\u00e1bal, \u00c1ngel, \u2018El Gato\u2019 P\u00e9rez, el t\u00e9cnico Alfaro y gente de la televisi\u00f3n nacional y extrajera. Moj\u00f3 c\u00e1mara cuantas veces quiso y apareci\u00f3 en las notas locales como s\u00edmbolo de los hinchas colombianos.<\/p>\n<p>El relato, de un momento a otro, cambia de tono. La felicidad se trasforma, el rostro de Hunter muestra otro aspecto y la sonrisa desaparece. La remembranza del partido contra Brasil lo vuelve serio. En la antesala los periodistas le preguntaron a qu\u00e9 le tem\u00eda y sin vacilar dijo que al \u00e1rbitro. En los 90 minutos de juego se cumplieron sus miedos. Colombia perdi\u00f3 2-1 y todav\u00eda muchos creen que \u2018el de Yepes s\u00ed fue gol\u2019.<\/p>\n<p>\u201cLlor\u00e9 como un\u00a0 ni\u00f1o. Las brasile\u00f1as me abrazaban\u201d. El consuelo no le vali\u00f3 de nada, porque vivi\u00f3 los siguientes d\u00edas en medio de la depresi\u00f3n que dan las derrotas injustas. En ese estado permaneci\u00f3 hasta el enfrentamiento de los locales con Alemania con el 7-1 a favor de los teutones.<\/p>\n<p>En los grader\u00edos se dijo, \u201cDios sabe c\u00f3mo hace las cosas\u201d. Vio llorar a los brasile\u00f1os \u00a0y sentir la amargura de la humillaci\u00f3n. La situaci\u00f3n se volte\u00f3 y \u00a0debi\u00f3 consolarlos. \u201cMe entr\u00f3 un aliento\u2026 \u00a0ese resultado me subi\u00f3 el autoestima\u201d. Qu\u00e9 tragedia, qu\u00e9 verg\u00fcenza, qu\u00e9 desgracia atinaban a decir en el estadio o camino a casa.<\/p>\n<p>\u201cLuch\u00e9 16 a\u00f1os para ver a la selecci\u00f3n Colombia en un Mundial y lo viv\u00ed\u201d. Esa es la gran satisfacci\u00f3n de Hunter, quien pas\u00f3 los 31 d\u00edas del torneo juicioso, sin mirar de a mucho a las garotas. Solo ten\u00eda ojos para el bal\u00f3n y las estrellas de las 32 selecciones. Para las mujeres \u201cno hubo tiempo\u201d, lo confes\u00f3 sin ruborizarse.<\/p>\n<p><b>RAFAEL ANTONIO PAB\u00d3N<\/b><\/p>\n<p><b><a href=\"mailto:rafaelpabon58@hotmail.com\">rafaelpabon58@hotmail.com<\/a><\/b><\/p>\n<p>&nbsp; <\/p>\n","protected":false},"excerpt":{"rendered":"<p>C\u00daCUTA.- Diecis\u00e9is a\u00f1os debieron pasar para que Hunter, como miles de colombianos, asistiera a un mundial de f\u00fatbol con la camiseta amarilla para acompa\u00f1ar a la selecci\u00f3n nacional. Ahora, guarda el recuerdo en la cartera como un tesoro. Vio 12 partidos en Brasil 2014 y tiene las boletas para comprobarlo. Sin embargo, no hace falta &hellip;<\/p>\n","protected":false},"author":1,"featured_media":22044,"comment_status":"open","ping_status":"open","sticky":false,"template":"","format":"standard","meta":{"footnotes":""},"categories":[17,28],"tags":[612,1514,1450,1513],"class_list":["post-22043","post","type-post","status-publish","format-standard","has-post-thumbnail","hentry","category-conversaciones-a-contraluz","category-vistazo-deportivo","tag-brasil-2014","tag-hunter","tag-mundial-de-futbol","tag-pulpito-colombiano"],"_links":{"self":[{"href":"https:\/\/contraluzcucuta.co\/index.php?rest_route=\/wp\/v2\/posts\/22043","targetHints":{"allow":["GET"]}}],"collection":[{"href":"https:\/\/contraluzcucuta.co\/index.php?rest_route=\/wp\/v2\/posts"}],"about":[{"href":"https:\/\/contraluzcucuta.co\/index.php?rest_route=\/wp\/v2\/types\/post"}],"author":[{"embeddable":true,"href":"https:\/\/contraluzcucuta.co\/index.php?rest_route=\/wp\/v2\/users\/1"}],"replies":[{"embeddable":true,"href":"https:\/\/contraluzcucuta.co\/index.php?rest_route=%2Fwp%2Fv2%2Fcomments&post=22043"}],"version-history":[{"count":1,"href":"https:\/\/contraluzcucuta.co\/index.php?rest_route=\/wp\/v2\/posts\/22043\/revisions"}],"predecessor-version":[{"id":22045,"href":"https:\/\/contraluzcucuta.co\/index.php?rest_route=\/wp\/v2\/posts\/22043\/revisions\/22045"}],"wp:featuredmedia":[{"embeddable":true,"href":"https:\/\/contraluzcucuta.co\/index.php?rest_route=\/wp\/v2\/media\/22044"}],"wp:attachment":[{"href":"https:\/\/contraluzcucuta.co\/index.php?rest_route=%2Fwp%2Fv2%2Fmedia&parent=22043"}],"wp:term":[{"taxonomy":"category","embeddable":true,"href":"https:\/\/contraluzcucuta.co\/index.php?rest_route=%2Fwp%2Fv2%2Fcategories&post=22043"},{"taxonomy":"post_tag","embeddable":true,"href":"https:\/\/contraluzcucuta.co\/index.php?rest_route=%2Fwp%2Fv2%2Ftags&post=22043"}],"curies":[{"name":"wp","href":"https:\/\/api.w.org\/{rel}","templated":true}]}}