{"id":22013,"date":"2014-07-16T20:50:51","date_gmt":"2014-07-17T01:50:51","guid":{"rendered":"http:\/\/contraluzcucuta.co\/?p=22013"},"modified":"2014-07-19T19:53:49","modified_gmt":"2014-07-20T00:53:49","slug":"rueda-de-prensa-jamas-subi-al-apartamento-de-claudia-pinto","status":"publish","type":"post","link":"https:\/\/contraluzcucuta.co\/?p=22013","title":{"rendered":"RUEDA DE PRENSA. \u201cJam\u00e1s sub\u00ed al apartamento de Claudia\u201d: Pinto"},"content":{"rendered":"<p><b style=\"line-height: 1.5em;\">C\u00daCUTA.-<\/b><span style=\"line-height: 1.5em;\"> Los cucute\u00f1os sienten a Jorge Luis Pinto, t\u00e9cnico de la selecci\u00f3n de f\u00fatbol de Costa Rica, como patrimonio propio. Por m\u00e1s vueltas que algunos le den al por qu\u00e9 de las recepciones y los recibimientos, no encuentran una respuesta v\u00e1lida. Lo cierto es que centenares de hombres y mujeres, adultos y ni\u00f1os, salieron la noche del 15 de julio para vitorearlo y hacerle manifiesto el aprecio que le guardan desde el 2006.<\/span><\/p>\n<p>\u201cFue un gesto hermoso\u201d, respondi\u00f3 el hombre que con una estrategia \u00fanica para jugar al f\u00fatbol derrot\u00f3 a dos excampeones mundiales. Esa manera diferente de ver el deporte lo meti\u00f3 entre los equipos que disputaron la segunda fase del torneo orbital en Brasil, y que dej\u00f3 como campe\u00f3n a Alemania.<\/p>\n<p>Por estos d\u00edas visita la capital de Norte de Santander. Entre sonrisas ligeras y l\u00e1grimas apretujadas para no resbalar por las mejillas cuenta la experiencia vivida. La emoci\u00f3n lo embarga y sin reparos habla de la responsabilidad y el equilibrio emocionales, porque no puede ser mal ejemplo para los muchachos que dirige.<\/p>\n<p>\u201cJam\u00e1s sub\u00ed al apartamento de Claudia\u201d, lo dijo y esboz\u00f3 una sonrisa p\u00edcara para que se entendiera el significado de la frase. \u201cLe dediqu\u00e9 el tiempo al f\u00fatbol\u201d. Durante el Mundial, a las 12:30 de la noche terminaba de ver y de analizar los partidos para preparar el siguiente de la selecci\u00f3n Tica. A las 5:00 de la ma\u00f1ana estaba de pie en cumplimiento de la misma funci\u00f3n. No quer\u00eda sorpresas.<\/p>\n<p>Los problemas no faltaron a lo largo de la concentraci\u00f3n, que dur\u00f3 28 d\u00edas en Santos, y a los que calific\u00f3 de \u201cduros y jodidos\u201d, aunque no entr\u00f3 en detalles. Uno, quiz\u00e1s, ocurri\u00f3 con Perozo, el compa\u00f1ero de f\u00f3rmula. \u201cNo hay m\u00e1s qu\u00e9 hablar\u201d, dijo a lo santandereano, seco y contundente, sin asomo de arrepentimiento.<\/p>\n<p>En el camino al \u00e9xito, adem\u00e1s del apoyo de los hijos, de las llamadas de los amigos y de las felicitaciones de los paisanos de San Gil, tuvo ayuda sobrenatural. \u201cTodos los d\u00edas rezo cinco novenas\u201d, as\u00ed es su convicci\u00f3n religiosa. Y en el proceso meten la mano San Jorge, Juan XXIII, el Ni\u00f1o del 20 de Julio, el Se\u00f1or de los Milagros y la Virgen de Guadalupe.<\/p>\n<p>En Brasil corri\u00f3 tambi\u00e9n con suerte al escoger el estadio para la preparaci\u00f3n del once costarricense. El equipo se entren\u00f3 en el estadio de Santos, justo en el que Pel\u00e9 despleg\u00f3 su juego y deleit\u00f3 a la torcida. Y los jugadores ocuparon el vestidor del \u2018O Rey\u2019, hecho que los anim\u00f3 y los convirti\u00f3 en privilegiados.<\/p>\n<p>\u201cNunca voy a olvidar a Santos\u201d por diversos motivos. Uno, el respaldo de la gente; dos, el reconocimiento de los brasile\u00f1os, que no pod\u00edan verlo porque lo acosaban para pedirle aut\u00f3grafos y fotograf\u00edas; tres, porque ah\u00ed puso en marcha el f\u00fatbol que aprendi\u00f3 despu\u00e9s de asistir a ocho mundiales en calidad de observador, y cuatro, porque en esa ciudad derrumb\u00f3 las especulaciones tejidas alrededor del cuadro centroamericano.<\/p>\n<p>Jorge Luis Pinto cumpli\u00f3 el sue\u00f1o de sentarse en el banco mundialista. De esos momentos quedan recuerdos que ahora traduce en an\u00e9cdotas, pero que en el instante fueron vivencias que lo hicieron re\u00edr y llorar para decir que ha triunfado. \u201cEn el banco no hay ganas sino de ganar\u201d. Desde ese puesto le pidi\u00f3 en espa\u00f1ol a Robben que lo dejara ganar, recibi\u00f3 la camiseta de Balotteli, intercambi\u00f3 palabras con exfiguras y entreg\u00f3 recuerdos a sus colegas.<\/p>\n<p>Hoy, sin el agite que supone el papel de un t\u00e9cnico de f\u00fatbol, \u201cen Brasil no sal\u00ed ni a la puerta del hotel\u201d, est\u00e1 convencido de que el triunfo est\u00e1 hecho para aquellos que trabajan. Lo dijo sin modestia alguna, porque entre la satisfacci\u00f3n personal est\u00e1 que un d\u00eda \u201cso\u00f1\u00e9 con todo esto\u201d y para hacerlo realidad se prepar\u00f3 en Alemania, Rusia, Brasil y muchos otros pa\u00edses a los que viaj\u00f3 para adquirir conocimientos.<\/p>\n<p>El modelo t\u00e1ctico exhibido por Costa Rica \u201cno lo he visto en ning\u00fan Mundial\u201d. Manera de jugar que comenz\u00f3 a poner en pr\u00e1ctica en Venezuela y Colombia y que encontr\u00f3 el molde ideal en la selecci\u00f3n Tica. \u201cM\u00e1s que ganar una Copa sue\u00f1o con mostrar mis conceptos filos\u00f3ficos\u201d.<\/p>\n<p>Los partidos ganados, a pesar de la desconfianza de cierto sector opositor a su trabajo, lo hacen sonre\u00edr, aunque sin revancha hacia los detractores. Dos lemas que aplica en este momento son que \u201cquien quiere la profesi\u00f3n, triunfa\u201d y \u201cqui\u00e9n va con fundamentos no lo para nadie\u201d.<\/p>\n<p>Pinto toma un sorbo de agua para aliviar la garganta y para darles \u00a0la oportunidad a otras l\u00e1grimas de que se escondan. \u201cMe falt\u00f3 ganarle a Holanda\u201d, lo dijo con tristeza y se escud\u00f3 en un silencio de escasos segundos. \u201cLos seres humanos tenemos que aspirar y so\u00f1ar\u201d.<\/p>\n<p>La m\u00e1xima cita del balompi\u00e9 no lo atemoriz\u00f3. Desde el momento de la clasificaci\u00f3n comenz\u00f3 a preparar la actuaci\u00f3n. Estudi\u00f3 a los rivales y analiz\u00f3 el juego que practicar\u00eda. \u201cQuienes tuvieron dudas ah\u00ed est\u00e1 (la actuaci\u00f3n en) el Mundial\u201d. El partido que considera perfecto para su equipo fue el ganado a Italia (1-0). \u201cLo voy a ver muchas veces\u201d.<\/p>\n<p>Por ahora, disfruta las mieles que le provee el paso por Brasil 2014. Est\u00e1 desempleado y no lo preocupa, porque le han ca\u00eddo ofertas laborales desde Jap\u00f3n, Per\u00fa, Paraguay, Ecuador y Colombia. \u201cNo me ha pasado por la cabeza dejar nunca a Costa Rica\u201d. En los pr\u00f3ximos d\u00edas definir\u00e1 el futuro. Mientras llega esa confirmaci\u00f3n viajar\u00e1 a Alemania para asistir a un congreso y aprender m\u00e1s sobre este deporte que lo apasiona.<\/p>\n<p>Brasil 2014 \u201cfue uno de esos momentos m\u00e1s hermosos de mi vida\u201d, lo dijo y de nuevo la voz se le quebr\u00f3. A partir de ese instante recibi\u00f3 el reconocimiento de estamentos p\u00fablicos y privados, firm\u00f3 aut\u00f3grafos y complet\u00f3 declaraciones para los periodistas cucute\u00f1os.<\/p>\n<p><b>RAFAEL ANTONIO PAB\u00d3N<\/b><\/p>\n<p><b><a href=\"mailto:rafaelpabon58@hotmail.com\">rafaelpabon58@hotmail.com<\/a><\/b><\/p>\n<p>&nbsp;<\/p>\n<p>&nbsp;<\/p>\n<p>&nbsp; <\/p>\n","protected":false},"excerpt":{"rendered":"<p>C\u00daCUTA.- Los cucute\u00f1os sienten a Jorge Luis Pinto, t\u00e9cnico de la selecci\u00f3n de f\u00fatbol de Costa Rica, como patrimonio propio. Por m\u00e1s vueltas que algunos le den al por qu\u00e9 de las recepciones y los recibimientos, no encuentran una respuesta v\u00e1lida. Lo cierto es que centenares de hombres y mujeres, adultos y ni\u00f1os, salieron la &hellip;<\/p>\n","protected":false},"author":1,"featured_media":22014,"comment_status":"open","ping_status":"open","sticky":false,"template":"","format":"standard","meta":{"footnotes":""},"categories":[17,45],"tags":[1486,1481,1446],"class_list":["post-22013","post","type-post","status-publish","format-standard","has-post-thumbnail","hentry","category-conversaciones-a-contraluz","category-destacado","tag-costa-rica","tag-jorge-luis-pinto","tag-mundial-brasil-2014"],"_links":{"self":[{"href":"https:\/\/contraluzcucuta.co\/index.php?rest_route=\/wp\/v2\/posts\/22013","targetHints":{"allow":["GET"]}}],"collection":[{"href":"https:\/\/contraluzcucuta.co\/index.php?rest_route=\/wp\/v2\/posts"}],"about":[{"href":"https:\/\/contraluzcucuta.co\/index.php?rest_route=\/wp\/v2\/types\/post"}],"author":[{"embeddable":true,"href":"https:\/\/contraluzcucuta.co\/index.php?rest_route=\/wp\/v2\/users\/1"}],"replies":[{"embeddable":true,"href":"https:\/\/contraluzcucuta.co\/index.php?rest_route=%2Fwp%2Fv2%2Fcomments&post=22013"}],"version-history":[{"count":3,"href":"https:\/\/contraluzcucuta.co\/index.php?rest_route=\/wp\/v2\/posts\/22013\/revisions"}],"predecessor-version":[{"id":22029,"href":"https:\/\/contraluzcucuta.co\/index.php?rest_route=\/wp\/v2\/posts\/22013\/revisions\/22029"}],"wp:featuredmedia":[{"embeddable":true,"href":"https:\/\/contraluzcucuta.co\/index.php?rest_route=\/wp\/v2\/media\/22014"}],"wp:attachment":[{"href":"https:\/\/contraluzcucuta.co\/index.php?rest_route=%2Fwp%2Fv2%2Fmedia&parent=22013"}],"wp:term":[{"taxonomy":"category","embeddable":true,"href":"https:\/\/contraluzcucuta.co\/index.php?rest_route=%2Fwp%2Fv2%2Fcategories&post=22013"},{"taxonomy":"post_tag","embeddable":true,"href":"https:\/\/contraluzcucuta.co\/index.php?rest_route=%2Fwp%2Fv2%2Ftags&post=22013"}],"curies":[{"name":"wp","href":"https:\/\/api.w.org\/{rel}","templated":true}]}}