{"id":22003,"date":"2014-07-08T20:15:27","date_gmt":"2014-07-09T01:15:27","guid":{"rendered":"http:\/\/contraluzcucuta.co\/?p=22003"},"modified":"2014-07-16T22:56:54","modified_gmt":"2014-07-17T03:56:54","slug":"cine-el-germen-de-lars-von-trier","status":"publish","type":"post","link":"https:\/\/contraluzcucuta.co\/?p=22003","title":{"rendered":"CINE. El germen de Lars Von Trier"},"content":{"rendered":"<p><span style=\"line-height: 1.5em;\">Acudir al cine de Lars Von Trier siempre ha consistido en un ejercicio filos\u00f3fico del que, si bien resultan dolores, nada termina en lesiones irreparables y s\u00ed en cambio gana forma nuestro sentido de la realidad. De all\u00ed que sea mayor de lo que se cree el n\u00famero de espectadores que han hecho suya la filmograf\u00eda del dan\u00e9s. Su visi\u00f3n desgarradora del mundo es necesariamente compartida pues por suerte no toda la humanidad actual es imb\u00e9cil ni tiene a <\/span><i style=\"line-height: 1.5em;\">Titanic <\/i><span style=\"line-height: 1.5em;\">(1997) como su pel\u00edcula predilecta. \u00a0<\/span><\/p>\n<p><i>Epidemia<\/i> (Epidemic, 1987), segunda producci\u00f3n de la llamada \u2018Trilog\u00eda Europa\u2019, que completan <i>El elemento del crimen<\/i> (The Element of Crime, 1984) y <i>Europa <\/i>(1991), la cual presenta en bloque la mano con que desde entonces el director juega sus cartas ante el arte, es quiz\u00e1 el m\u00e1s claro ejemplo del surgimiento del estilo de este realizador. Tambi\u00e9n en ella est\u00e1n con m\u00e1s evidencia los errores de la juventud de los que el genio nunca logra prescindir del todo en la formaci\u00f3n de sus iniciados.<\/p>\n<p>Con un relato experimental en que se ahonda en el llamado \u201ccine dentro del cine\u201d (del que el Fellini de <i>Ocho y medio<\/i> \u2013Otto e mezzo, 1963\u2013 y el Truffautt de <i>La noche americana<\/i> \u2013La Nuit Am\u00e9ricaine, 1973\u2013 constituyen, a mi juicio, su m\u00e1s alta expresi\u00f3n), la cinta expone epis\u00f3dicamente \u2013rasgo que Von Trier mantendr\u00e1 a lo largo de su obra como influencia declarada de Kubrick\u2013 el esfuerzo de dos guionistas por sacar adelante, tras la p\u00e9rdida del texto original, un nuevo proyecto que gira en torno a la aparici\u00f3n en Europa de una letal plaga.<\/p>\n<p>Curiosamente, pasando por momentos al documental ficcionado, la historia enfrenta al \u201cautor-actor\u201d con el dilema de la hoja en blanco, la falta de financiaci\u00f3n y la p\u00e9rdida de inspiraci\u00f3n, desconsuelos propios de quien comete el error de enamorarse del impasible cine. El giro de tuerca, por dem\u00e1s plantado desde el inicio, est\u00e1 en que, a la par del relato acerca de la cat\u00e1strofe enunciada sobre el papel, los protagonistas viven un tr\u00e1gico presente tan inminente como el end\u00e9mico mal que buscan recrear.<\/p>\n<p>Sobre esta base, y arrojando en ella algunas grotescas flores, como la escena romanticona en que escriben mientras conducen o la imitaci\u00f3n al De Niro de <i>Taxi Driver <\/i>(1976) frente al espejo, <i>Epidemia<\/i> navega hasta llegar a buen puerto y con el impulso suficiente para dar el zarpazo final, r\u00fabrica con que Von Trier se acostumbr\u00f3 a inquietar al mundo en cada rodaje.<\/p>\n<p>Evitando presentar un paisaje infestado de cad\u00e1veres a ra\u00edz de la mortandad, m\u00e1s por vocaci\u00f3n que por los costos reales que esto hubiera acarreado (los dramas de este director son personales e idealistas, incluso en <i>Melancol\u00eda<\/i> (Melancholia, 2011), donde el final de la Tierra se mide por la muerte de una vida), el film deposita en el sufrimiento corporal de una mujer hipnotizada todo el horror de la tragedia humana que simboliza el \u00faltimo acto. All\u00ed comienza realmente la pel\u00edcula que, como del virus de que trata, el director busca inocular en la mente del espectador, m\u00e1s espec\u00edficamente en el europeo. Esta cachetada al viejo mundo para que admita sus excesos e hipocres\u00eda ser\u00e1 la que a\u00f1os m\u00e1s tarde el director propinar\u00e1 a Estados Unidos con <i>Dogville <\/i>(2003), <i>Manderlay<\/i> (2005) y <i>Washington<\/i> (a\u00fan por estrenar).<\/p>\n<p>Como est\u00edmulo adicional, la cinta ofrece una de las escasas oportunidades de ver al mismo Von Trier encarnando la pesadilla que escribe y dirige, lo primero junto a Niels Vorsel, tambi\u00e9n coprotagonista de la historia. Algo presumida, como de su parte no cab\u00eda esperar de otro modo, la interpretaci\u00f3n dada permite no obstante acercarnos de manera excepcional al m\u00e9todo de trabajo en que dudas, rencores, angustias y una variedad de recursos t\u00e9cnicos retratan f\u00edsica y psicol\u00f3gicamente los inicios de este autor a quien la experiencia ha ido apartando cada vez m\u00e1s del molde com\u00fan.<\/p>\n<p><i>Epidemia <\/i>es su germen y a ella deben apuntar quienes buscan ya sea un an\u00e1lisis de su cine o un primer s\u00edntoma o reacci\u00f3n a su obra.<\/p>\n<p><b>DAR\u00cdO MONSALVE G\u00d3MEZ<\/b><\/p>\n<p><b><a href=\"mailto:dariomonsalve13@gmail.com\">dariomonsalve13@gmail.com<\/a><\/b><\/p>\n<p><b>\u00a0<\/b><\/p>\n<p>&nbsp; <\/p>\n","protected":false},"excerpt":{"rendered":"<p>Acudir al cine de Lars Von Trier siempre ha consistido en un ejercicio filos\u00f3fico del que, si bien resultan dolores, nada termina en lesiones irreparables y s\u00ed en cambio gana forma nuestro sentido de la realidad. De all\u00ed que sea mayor de lo que se cree el n\u00famero de espectadores que han hecho suya la &hellip;<\/p>\n","protected":false},"author":1,"featured_media":22004,"comment_status":"open","ping_status":"open","sticky":false,"template":"","format":"standard","meta":{"footnotes":""},"categories":[45,37],"tags":[1504,1503,1501,1502],"class_list":["post-22003","post","type-post","status-publish","format-standard","has-post-thumbnail","hentry","category-destacado","category-paseo-cultural","tag-1504","tag-epidemic","tag-lars-von-trier","tag-trilogia-europa"],"_links":{"self":[{"href":"https:\/\/contraluzcucuta.co\/index.php?rest_route=\/wp\/v2\/posts\/22003","targetHints":{"allow":["GET"]}}],"collection":[{"href":"https:\/\/contraluzcucuta.co\/index.php?rest_route=\/wp\/v2\/posts"}],"about":[{"href":"https:\/\/contraluzcucuta.co\/index.php?rest_route=\/wp\/v2\/types\/post"}],"author":[{"embeddable":true,"href":"https:\/\/contraluzcucuta.co\/index.php?rest_route=\/wp\/v2\/users\/1"}],"replies":[{"embeddable":true,"href":"https:\/\/contraluzcucuta.co\/index.php?rest_route=%2Fwp%2Fv2%2Fcomments&post=22003"}],"version-history":[{"count":1,"href":"https:\/\/contraluzcucuta.co\/index.php?rest_route=\/wp\/v2\/posts\/22003\/revisions"}],"predecessor-version":[{"id":22005,"href":"https:\/\/contraluzcucuta.co\/index.php?rest_route=\/wp\/v2\/posts\/22003\/revisions\/22005"}],"wp:featuredmedia":[{"embeddable":true,"href":"https:\/\/contraluzcucuta.co\/index.php?rest_route=\/wp\/v2\/media\/22004"}],"wp:attachment":[{"href":"https:\/\/contraluzcucuta.co\/index.php?rest_route=%2Fwp%2Fv2%2Fmedia&parent=22003"}],"wp:term":[{"taxonomy":"category","embeddable":true,"href":"https:\/\/contraluzcucuta.co\/index.php?rest_route=%2Fwp%2Fv2%2Fcategories&post=22003"},{"taxonomy":"post_tag","embeddable":true,"href":"https:\/\/contraluzcucuta.co\/index.php?rest_route=%2Fwp%2Fv2%2Ftags&post=22003"}],"curies":[{"name":"wp","href":"https:\/\/api.w.org\/{rel}","templated":true}]}}