{"id":21999,"date":"2014-07-08T19:52:36","date_gmt":"2014-07-09T00:52:36","guid":{"rendered":"http:\/\/contraluzcucuta.co\/?p=21999"},"modified":"2014-07-08T20:01:08","modified_gmt":"2014-07-09T01:01:08","slug":"incendios-forestales-afectadas-cinco-veredas-de-bucarasica","status":"publish","type":"post","link":"https:\/\/contraluzcucuta.co\/?p=21999","title":{"rendered":"INCENDIOS FORESTALES. Afectadas cinco veredas de Bucarasica"},"content":{"rendered":"<p><b style=\"line-height: 1.5em;\">BUCARASICA \u2013 Norte de Santander.-<\/b><span style=\"line-height: 1.5em;\"> La falta de suministro de agua y de luz, y un incendio que ha consumido varias hect\u00e1reas de helechos, maleza, mara\u00f1a y materia vegetal afectan las veredas El Carmen, La Salina, El Helechal,\u00a0 Filo Seco y Filo Real.<\/span><\/p>\n<p>El Consejo Municipal de Gesti\u00f3n del Riesgo de Desastres (CMGRD), Defensa Civil de Sardinata y Bomberos de C\u00facuta atienden la emergencia en la zona. No hay certeza de si existen responsables del incendio. Las conflagraciones, en el 80 por ciento, son provocadas y\u00a0 las autoridades locales adelantan las averiguaciones correspondientes.<\/p>\n<p>El trabajo se centra en controlar la situaci\u00f3n. No se han reportado da\u00f1os materiales en viviendas, heridos o afectados. La falta de agua ocurri\u00f3 por la quema de las mangueras que surten el preciado l\u00edquido a las veredas del municipio.<\/p>\n<p>Norela Arenas Valencia, coordinadora del Consejo Departamental para la Gesti\u00f3n del Riesgo de Desastres (CDGRD), inform\u00f3 que hasta el momento han ocurrido cinco incendios en menos de 15 d\u00edas, en varios municipios.<\/p>\n<p>Llam\u00f3 a los organismos de socorro y entidades de la regi\u00f3n para que tomen las medidas necesarias frente a la posibilidad de entrada del Fen\u00f3meno de El Ni\u00f1o.<\/p>\n<p>\u201cPor eso la preocupaci\u00f3n y el llamado a la comunidad para que tome conciencia y no haga quemas controladas que generalmente se salen de las manos\u201d, dijo la coordinadora del CDGRD.<\/p>\n<p>FOTO:\u00a0<a href=\"https:\/\/www.google.com.co\/url?sa=i&amp;rct=j&amp;q=&amp;esrc=s&amp;source=images&amp;cd=&amp;cad=rja&amp;uact=8&amp;docid=GbhJ7OwHS0T2FM&amp;tbnid=mQey9R3j0WHmcM:&amp;ved=0CAQQjB0&amp;url=http%3A%2F%2Fwww.vanguardia.com%2Factualidad%2Fcolombia%2F164586-incendio-en-norte-de-santander-arraso-40-hectareas-de-bosque&amp;ei=3JO8U6uGNMursATu9oDwAg&amp;bvm=bv.70138588,d.cWc&amp;psig=AFQjCNH0XjIuZfqn3y23mKUmAdnbxKBGZw&amp;ust=1404953705334306\" data-ved=\"0CAQQjB0\" data-href=\"http:\/\/www.vanguardia.com\/actualidad\/colombia\/164586-incendio-en-norte-de-santander-arraso-40-hectareas-de-bosque\">www.vanguardia.com<\/a> <\/p>\n","protected":false},"excerpt":{"rendered":"<p>BUCARASICA \u2013 Norte de Santander.- La falta de suministro de agua y de luz, y un incendio que ha consumido varias hect\u00e1reas de helechos, maleza, mara\u00f1a y materia vegetal afectan las veredas El Carmen, La Salina, El Helechal,\u00a0 Filo Seco y Filo Real. El Consejo Municipal de Gesti\u00f3n del Riesgo de Desastres (CMGRD), Defensa Civil &hellip;<\/p>\n","protected":false},"author":1,"featured_media":22001,"comment_status":"open","ping_status":"open","sticky":false,"template":"","format":"standard","meta":{"footnotes":""},"categories":[556,4],"tags":[570,395],"class_list":["post-21999","post","type-post","status-publish","format-standard","has-post-thumbnail","hentry","category-departamento","category-barra","tag-bucarasica","tag-fenomeno-el-nino"],"_links":{"self":[{"href":"https:\/\/contraluzcucuta.co\/index.php?rest_route=\/wp\/v2\/posts\/21999","targetHints":{"allow":["GET"]}}],"collection":[{"href":"https:\/\/contraluzcucuta.co\/index.php?rest_route=\/wp\/v2\/posts"}],"about":[{"href":"https:\/\/contraluzcucuta.co\/index.php?rest_route=\/wp\/v2\/types\/post"}],"author":[{"embeddable":true,"href":"https:\/\/contraluzcucuta.co\/index.php?rest_route=\/wp\/v2\/users\/1"}],"replies":[{"embeddable":true,"href":"https:\/\/contraluzcucuta.co\/index.php?rest_route=%2Fwp%2Fv2%2Fcomments&post=21999"}],"version-history":[{"count":2,"href":"https:\/\/contraluzcucuta.co\/index.php?rest_route=\/wp\/v2\/posts\/21999\/revisions"}],"predecessor-version":[{"id":22002,"href":"https:\/\/contraluzcucuta.co\/index.php?rest_route=\/wp\/v2\/posts\/21999\/revisions\/22002"}],"wp:featuredmedia":[{"embeddable":true,"href":"https:\/\/contraluzcucuta.co\/index.php?rest_route=\/wp\/v2\/media\/22001"}],"wp:attachment":[{"href":"https:\/\/contraluzcucuta.co\/index.php?rest_route=%2Fwp%2Fv2%2Fmedia&parent=21999"}],"wp:term":[{"taxonomy":"category","embeddable":true,"href":"https:\/\/contraluzcucuta.co\/index.php?rest_route=%2Fwp%2Fv2%2Fcategories&post=21999"},{"taxonomy":"post_tag","embeddable":true,"href":"https:\/\/contraluzcucuta.co\/index.php?rest_route=%2Fwp%2Fv2%2Ftags&post=21999"}],"curies":[{"name":"wp","href":"https:\/\/api.w.org\/{rel}","templated":true}]}}