{"id":21996,"date":"2014-07-08T19:14:34","date_gmt":"2014-07-09T00:14:34","guid":{"rendered":"http:\/\/contraluzcucuta.co\/?p=21996"},"modified":"2014-07-08T19:14:34","modified_gmt":"2014-07-09T00:14:34","slug":"discapacidad-comite-departamental-asume-nuevos-retos","status":"publish","type":"post","link":"https:\/\/contraluzcucuta.co\/?p=21996","title":{"rendered":"DISCAPACIDAD. Comit\u00e9 Departamental asume nuevos retos"},"content":{"rendered":"<p><b style=\"line-height: 1.5em;\">C\u00daCUTA.-<\/b><span style=\"line-height: 1.5em;\"> Trabajar para beneficio de la comunidad y adoptar estilos de vida mediante acciones que permitan conocer a fondo las necesidades en salud, educaci\u00f3n, deporte, recreaci\u00f3n y cultura son los retos asumidos por el Comit\u00e9 Departamental de Discapacidad (CDD).<\/span><\/p>\n<p>Ayer, se juramentaron los seis representantes encargados de velar por el bienestar y la construcci\u00f3n de la Pol\u00edtica P\u00fablica en el Departamento. La vocer\u00eda recay\u00f3 en Ernesto Alfonso Jij\u00f3n, Gilma Viviana Trigos, Jhon Alexis Mantilla, Doris Mar\u00eda Le\u00f3n, Adriana San Juan y Ernesto Murcia.<\/p>\n<p>Los delegados participaron en la socializaci\u00f3n del reglamento interno del Comit\u00e9. El prop\u00f3sito es identificar los componentes\u00a0 visual, f\u00edsico, auditivo, ps\u00edquico y\u00a0 multisensorial para implementar\u00a0 programas y estrategias para el desarrollo de los derechos de los discapacitados en lo relacionado con la prevenci\u00f3n, educaci\u00f3n, rehabilitaci\u00f3n, integraci\u00f3n laboral, bienestar social y accesibilidad.<\/p>\n<p>Los miembros del CDD tomaron posesi\u00f3n teniendo en cuenta las sugerencias del Alto Consejero para la Poblaci\u00f3n con Discapacidad, Jes\u00fas Romero Montoya, encargado de darles tr\u00e1mite a los par\u00e1metros derivados de la Ley 1145.<\/p>\n<p>\u201cHoy m\u00e1s que nunca nuestra poblaci\u00f3n est\u00e1 sensibilizada y comprometida, pero no debemos bajar la guardia, este es tan solo el punto de partida para \u00a0avanzar y brindar nuevas oportunidades\u201d, dijo el secretario general de la Gobernaci\u00f3n, Gregorio Angarita.<\/p>\n<p>Los miembros del Comit\u00e9 Departamental de Discapacidad, elegidos libremente por el Consejo, ser\u00e1n voceros municipales\u00a0 y ayudar\u00e1n a definir retos para garantizar eficiencia, eficacia y efectividad en las acciones desarrolladas.<\/p>\n<p>Jes\u00fas Romero Montoya, alto consejero para la poblaci\u00f3n con discapacidad, dijo que lo importante es que se trabaja en la regi\u00f3n \u00a0en pro de la poblaci\u00f3n con limitaciones.<\/p>\n<p>El compromiso asumido es trabajar en la construcci\u00f3n de proyectos y\u00a0 en el fortalecimiento de los planes intersectoriales para que la pol\u00edtica p\u00fablica de discapacidad en la regi\u00f3n sea fortalecida.<\/p>\n<p>&nbsp; <\/p>\n","protected":false},"excerpt":{"rendered":"<p>C\u00daCUTA.- Trabajar para beneficio de la comunidad y adoptar estilos de vida mediante acciones que permitan conocer a fondo las necesidades en salud, educaci\u00f3n, deporte, recreaci\u00f3n y cultura son los retos asumidos por el Comit\u00e9 Departamental de Discapacidad (CDD). Ayer, se juramentaron los seis representantes encargados de velar por el bienestar y la construcci\u00f3n de &hellip;<\/p>\n","protected":false},"author":1,"featured_media":21997,"comment_status":"open","ping_status":"open","sticky":false,"template":"","format":"standard","meta":{"footnotes":""},"categories":[556,4],"tags":[854,1500],"class_list":["post-21996","post","type-post","status-publish","format-standard","has-post-thumbnail","hentry","category-departamento","category-barra","tag-jesus-romero","tag-poblacion-discapacitada-en-norte-de-santander"],"_links":{"self":[{"href":"https:\/\/contraluzcucuta.co\/index.php?rest_route=\/wp\/v2\/posts\/21996","targetHints":{"allow":["GET"]}}],"collection":[{"href":"https:\/\/contraluzcucuta.co\/index.php?rest_route=\/wp\/v2\/posts"}],"about":[{"href":"https:\/\/contraluzcucuta.co\/index.php?rest_route=\/wp\/v2\/types\/post"}],"author":[{"embeddable":true,"href":"https:\/\/contraluzcucuta.co\/index.php?rest_route=\/wp\/v2\/users\/1"}],"replies":[{"embeddable":true,"href":"https:\/\/contraluzcucuta.co\/index.php?rest_route=%2Fwp%2Fv2%2Fcomments&post=21996"}],"version-history":[{"count":1,"href":"https:\/\/contraluzcucuta.co\/index.php?rest_route=\/wp\/v2\/posts\/21996\/revisions"}],"predecessor-version":[{"id":21998,"href":"https:\/\/contraluzcucuta.co\/index.php?rest_route=\/wp\/v2\/posts\/21996\/revisions\/21998"}],"wp:featuredmedia":[{"embeddable":true,"href":"https:\/\/contraluzcucuta.co\/index.php?rest_route=\/wp\/v2\/media\/21997"}],"wp:attachment":[{"href":"https:\/\/contraluzcucuta.co\/index.php?rest_route=%2Fwp%2Fv2%2Fmedia&parent=21996"}],"wp:term":[{"taxonomy":"category","embeddable":true,"href":"https:\/\/contraluzcucuta.co\/index.php?rest_route=%2Fwp%2Fv2%2Fcategories&post=21996"},{"taxonomy":"post_tag","embeddable":true,"href":"https:\/\/contraluzcucuta.co\/index.php?rest_route=%2Fwp%2Fv2%2Ftags&post=21996"}],"curies":[{"name":"wp","href":"https:\/\/api.w.org\/{rel}","templated":true}]}}