{"id":21986,"date":"2014-07-06T09:12:26","date_gmt":"2014-07-06T14:12:26","guid":{"rendered":"http:\/\/contraluzcucuta.co\/?p=21986"},"modified":"2014-07-06T09:12:26","modified_gmt":"2014-07-06T14:12:26","slug":"cultura-indigenas-bari-expondran-obras-en-italia","status":"publish","type":"post","link":"https:\/\/contraluzcucuta.co\/?p=21986","title":{"rendered":"CULTURA. Ind\u00edgenas Bar\u00ed expondr\u00e1n obras en Italia"},"content":{"rendered":"<p><b style=\"line-height: 1.5em;\">C\u00daCUTA.-<\/b><span style=\"line-height: 1.5em;\"> Francisco Naycuatara, Yeison Chimana, Mireya Astronia, Silvia Arocoshimana y Marcelino Aquiricbador, ind\u00edgenas Motil\u00f3n Bar\u00ed, participar\u00e1n en las exposiciones art\u00edsticas colectivas programadas por la Associazione di Promozione Sociale Migras, en desarrollo de la Expo Cultural Itinerante \u2018Colombia es Cultura\u2019 en Italia. La iniciativa que tiene como objetivo difundir la diversidad cultural de Colombia.<\/span><\/p>\n<p>Veinte cuadros en lienzo reflejan la historia ancestral y las luchas por conseguir los terrenos que habitan en El Catatumbo, y la alegr\u00eda de vivir en la selva con animales ex\u00f3ticos y en medio de la naturaleza.<\/p>\n<p>Las muestras art\u00edsticas, a pesar de que no tienen alto valor comercial, representan para el departamento una fortuna, por ser obras de miembros de la comunidad Bar\u00ed, en las que muestran el talento para el arte.<\/p>\n<p>Los escenarios en donde se exhibir\u00e1n los cuadros son:<\/p>\n<p>1.- S.O.S. Popoli Indigeni, Roma, del 8 al 10 de julio<\/p>\n<p>2.- Chaski Fest, en Monopoli, del 10 al 11 de julio<\/p>\n<p>3.- Semana Cultural de Colombia, pabell\u00f3n de Las Naciones del Festival Expo Latinoamericano, en Assago-Mil\u00e1n, del 14 al 20 de julio<\/p>\n<p>4.- Semana Cultural de Colombia, Consulado de Colombia en Roma, del 13 al 19 de Octubre.<\/p>\n<p>El trabajo ha contribuido a preservar la cultura y el sistema de representaciones para concebir el mundo de los Bar\u00ed. Nunca han hecho pinturas de este tipo, solo tienen muestras de peque\u00f1os bocetos en madera y en otros materiales, no en lienzo.<\/p>\n<p>En octubre, cuatro artistas ind\u00edgenas viajar\u00e1n a la exhibici\u00f3n programada en el Consulado de Colombia, en Roma, har\u00e1n un ejercicio de pintura y de tejido de canastos ante el p\u00fablico, y un conversatorio en la lengua ancestral sobre los mitos y las leyendas Bar\u00ed, que ser\u00e1 traducido en simultaneidad al italiano.<\/p>\n<p>El maestro tibuyano Nelson Ortega Toscano presentar\u00e1 tres obras sobre la representaci\u00f3n de la fauna y la flora de El Catatumbo. La oportunidad de exhibir las creaciones en Europa es el mejor escenario para demostrarle al mundo que por medio del arte se puede hacer reconstrucci\u00f3n del tejido social en una zona del departamento que por largos a\u00f1os ha sufrido por la violencia. <\/p>\n","protected":false},"excerpt":{"rendered":"<p>C\u00daCUTA.- Francisco Naycuatara, Yeison Chimana, Mireya Astronia, Silvia Arocoshimana y Marcelino Aquiricbador, ind\u00edgenas Motil\u00f3n Bar\u00ed, participar\u00e1n en las exposiciones art\u00edsticas colectivas programadas por la Associazione di Promozione Sociale Migras, en desarrollo de la Expo Cultural Itinerante \u2018Colombia es Cultura\u2019 en Italia. La iniciativa que tiene como objetivo difundir la diversidad cultural de Colombia. Veinte cuadros &hellip;<\/p>\n","protected":false},"author":1,"featured_media":21987,"comment_status":"open","ping_status":"open","sticky":false,"template":"","format":"standard","meta":{"footnotes":""},"categories":[45,37],"tags":[1498,246],"class_list":["post-21986","post","type-post","status-publish","format-standard","has-post-thumbnail","hentry","category-destacado","category-paseo-cultural","tag-comunidad-motilon-bari","tag-el-catatumbo"],"_links":{"self":[{"href":"https:\/\/contraluzcucuta.co\/index.php?rest_route=\/wp\/v2\/posts\/21986","targetHints":{"allow":["GET"]}}],"collection":[{"href":"https:\/\/contraluzcucuta.co\/index.php?rest_route=\/wp\/v2\/posts"}],"about":[{"href":"https:\/\/contraluzcucuta.co\/index.php?rest_route=\/wp\/v2\/types\/post"}],"author":[{"embeddable":true,"href":"https:\/\/contraluzcucuta.co\/index.php?rest_route=\/wp\/v2\/users\/1"}],"replies":[{"embeddable":true,"href":"https:\/\/contraluzcucuta.co\/index.php?rest_route=%2Fwp%2Fv2%2Fcomments&post=21986"}],"version-history":[{"count":1,"href":"https:\/\/contraluzcucuta.co\/index.php?rest_route=\/wp\/v2\/posts\/21986\/revisions"}],"predecessor-version":[{"id":21988,"href":"https:\/\/contraluzcucuta.co\/index.php?rest_route=\/wp\/v2\/posts\/21986\/revisions\/21988"}],"wp:featuredmedia":[{"embeddable":true,"href":"https:\/\/contraluzcucuta.co\/index.php?rest_route=\/wp\/v2\/media\/21987"}],"wp:attachment":[{"href":"https:\/\/contraluzcucuta.co\/index.php?rest_route=%2Fwp%2Fv2%2Fmedia&parent=21986"}],"wp:term":[{"taxonomy":"category","embeddable":true,"href":"https:\/\/contraluzcucuta.co\/index.php?rest_route=%2Fwp%2Fv2%2Fcategories&post=21986"},{"taxonomy":"post_tag","embeddable":true,"href":"https:\/\/contraluzcucuta.co\/index.php?rest_route=%2Fwp%2Fv2%2Ftags&post=21986"}],"curies":[{"name":"wp","href":"https:\/\/api.w.org\/{rel}","templated":true}]}}